{"id":153,"date":"2010-10-10T20:08:48","date_gmt":"2010-10-10T20:08:48","guid":{"rendered":"http:\/\/blogs.oulipo.net\/fll\/?p=153"},"modified":"2010-12-09T05:02:22","modified_gmt":"2010-12-09T05:02:22","slug":"24-paul-valery","status":"publish","type":"post","link":"https:\/\/blogs.oulipo.net\/fll\/2010\/10\/10\/24-paul-valery\/","title":{"rendered":"24. Paul Val\u00e9ry"},"content":{"rendered":"<p style=\"text-align: justify\">Un autre po\u00e8te que j\u2019ai fr\u00e9quent\u00e9, moins que Max Jacob et dans d\u2019autres conditions, c\u2019est Paul Val\u00e9ry. J\u2019ai eu avec lui des contacts assez curieux. En 1923 ou 1924, j\u2019avais \u00e9crit un po\u00e8me qui avait \u00e9t\u00e9 publi\u00e9 dans une feuille de chou \u2013 c\u2019\u00e9tait la premi\u00e8re fois qu\u2019on imprimait quelque chose de moi \u2013  qui a \u00e9t\u00e9 d\u00e9pos\u00e9e \u00e0 la Biblioth\u00e8que Nationale et qui s\u2019appelait <em>Contes choisis<\/em>. C\u2019\u00e9tait un peu comme <em>Les Nouvelles Litt\u00e9raires<\/em> de l\u2019\u00e9poque, en plut\u00f4t moins bien. L\u2019ami qui en \u00e9tait le r\u00e9dacteur en chef s\u2019appelait Marcel Marc. C\u2019est avec lui que j\u2019ai particip\u00e9 \u00e0 un roman policier par la suite.<\/p>\n<p style=\"text-align: justify\">Il avait donc publi\u00e9 un po\u00e8me de moi dans les <em>Contes Choisis<\/em>.<\/p>\n<p style=\"text-align: justify\">\n<p style=\"text-align: justify\">\u00c0 cette \u00e9poque-l\u00e0 je m\u2019int\u00e9ressais surtout au Val\u00e9ry de l\u2019<em>Introduction \u00e0 la m\u00e9thode de L\u00e9onard de Vinci<\/em> et de <em>Monsieur Teste<\/em>. J\u2019avais \u00e9t\u00e9 le voir pour lui apporter ce po\u00e8me et lui demander si je pouvais le lui d\u00e9dier. Il m\u2019a re\u00e7u tr\u00e8s gentiment, rue du D\u00f4me ou rue Paul Val\u00e9ry, dans un appartement bourgeois magnifique, bien entendu, et il a eu la gentillesse de lire mon po\u00e8me et j\u2019ai l\u2019impression que ce po\u00e8me lui avait plu. Je dis cela sans aucune vanit\u00e9 d\u2019auteur. C\u2019est ce po\u00e8me dont je vous ai d\u00e9j\u00e0 parl\u00e9 et que j\u2019ai repris tous les dix ans pour l\u2019am\u00e9liorer. Pour le moment, il n\u2019en reste plus que quatre vers, et je ne sais pas s\u2019il sera jamais publi\u00e9. Mais ce qui avait int\u00e9ress\u00e9 Val\u00e9ry, c\u2019est qu\u2019il \u00e9tait tomb\u00e9 sur quelqu\u2019un qui s\u2019int\u00e9ressait \u00e0 son <em>Introduction \u00e0 la m\u00e9thode de L\u00e9onard de Vinci<\/em>, et \u00e0 <em>Monsieur Teste<\/em>, quelqu\u2019un qui avait fait des math\u00e9matiques, qui s\u2019int\u00e9ressait \u00e0 la m\u00e9thode scientifique, et surtout quelqu\u2019un qui s\u2019int\u00e9ressait \u00e0 la m\u00e9thode, car \u00e0 cette \u00e9poque-l\u00e0, j\u2019\u00e9tais d\u00e9j\u00e0 OU.X.PO. de mani\u00e8re presque aussi consciente qu\u2019aujourd\u2019hui. Donc tous les probl\u00e8mes de m\u00e9thode m\u2019int\u00e9ressaient, ces m\u00eames probl\u00e8mes gr\u00e2ce auxquels j\u2019ai gagn\u00e9 ma vie par la suite en fabriquant des programmes de recherche scientifique dans des laboratoires.<\/p>\n<p style=\"text-align: justify\">\n<p style=\"text-align: justify\">Notre conversation avait montr\u00e9 \u00e0 Val\u00e9ry un type d\u2019esprit qu\u2019il ne connaissait pas. Je n\u2019avais pas beaucoup insist\u00e9 sur ma participation au mouvement Dada, cela ne me paraissait pas tr\u00e8s utile. Nous avons donc eu une conversation int\u00e9ressante sur les math\u00e9matiques, sur le rapport possible avec la litt\u00e9rature, etc.<\/p>\n<p style=\"text-align: justify\">\n<p style=\"text-align: justify\">Puis des ann\u00e9es ont pass\u00e9, de 1923 \u00e0 1939. La guerre arrive, je me suis trouv\u00e9 \u00e0 Marseille juste apr\u00e8s l\u2019armistice, je rencontre Ballard qui \u00e9tait l\u2019animateur des <em>Cahiers du Sud<\/em> et nous devenons de bons amis. C\u2019est lui d\u2019ailleurs qui a \u00e9t\u00e9 tellement impressionn\u00e9 par l\u2019enthousiasme que je montrais pour les math\u00e9matiques, que lui qui dirigeait une revue purement litt\u00e9raire, il m\u2019a demand\u00e9 de faire <em>Les Grands courants de la pens\u00e9e math\u00e9matique<\/em>. Il avait d\u00fb \u00eatre hypnotis\u00e9. Je crois qu\u2019il ne s\u2019est pas tromp\u00e9, m\u00eame commercialement. Marseille \u00e9tait \u00e0 ce moment-l\u00e0 le centre culturel de la France non occup\u00e9e. Tout ce qu\u2019il y avait de grands \u00e9crivains, penseurs, philosophes, etc, passait chez Ballard et je les rencontrais donc aux <em>Cahiers du Sud<\/em>. C\u2019est \u00e0 cette occasion que <a href=\"#valery\" id=\"refvalery\">j\u2019ai revu Paul Val\u00e9ry<\/a> et je lui ai rappel\u00e9 notre conversation et ce po\u00e8me. Nous avons eu alors des conversations assez longues qui l\u2019ont vivement int\u00e9ress\u00e9 parce que je lui ai parl\u00e9 d\u2019un math\u00e9maticien qu\u2019il ne connaissait pas et qui s\u2019appelait Bourbaki. Je lui ai expliqu\u00e9 ce qu\u2019\u00e9tait Bourbaki et il a \u00e9t\u00e9 absolument enchant\u00e9. Il souhaitait qu\u2019il y ait quelque chose comme cela. Il n\u2019aurait pas pu entrer loin dans la compr\u00e9hension de Bourbaki, mais c\u2019\u00e9tait quelque chose qui l\u2019int\u00e9ressait. Il devait d\u2019ailleurs me donner pour <em>Les Grands courants de la pens\u00e9e math\u00e9matique<\/em> un article qu\u2019il n\u2019a pas pu me donner \u00e0 cause de la guerre. Voil\u00e0 \u00e0 peu pr\u00e8s ce dont je me souviens de mes conversations et de mes rapports avec lui.<\/p>\n<p style=\"text-align: justify\">__________________<\/p>\n<p style=\"text-align: justify\"><a href=\"#refvalery\" id=\"valery\">j&rsquo;ai revu Paul Val\u00e9ry<\/a><\/p>\n<p style=\"text-align: justify\">Paul Val\u00e9ry est mort en 1945. Il n&rsquo;a donc pas donn\u00e9 d&rsquo;article pour <em>les Grands courants<\/em>. Le livre s&rsquo;ouvre pourtant sur une lettre in\u00e9dite de Val\u00e9ry, datant de 1932, et communiqu\u00e9e par Pierre Honnorat. Sur ce livre, voir aussi le chapitre 35. MA<\/p>\n","protected":false},"excerpt":{"rendered":"<p>Un autre po\u00e8te que j\u2019ai fr\u00e9quent\u00e9, moins que Max Jacob et dans d\u2019autres conditions, c\u2019est Paul Val\u00e9ry. J\u2019ai eu avec lui des contacts assez curieux. En 1923 ou 1924, j\u2019avais \u00e9crit un po\u00e8me qui avait \u00e9t\u00e9 publi\u00e9 dans une feuille de chou \u2013 c\u2019\u00e9tait la premi\u00e8re fois qu\u2019on imprimait quelque chose de moi \u2013 qui [&hellip;]<\/p>\n","protected":false},"author":1,"featured_media":0,"comment_status":"open","ping_status":"open","sticky":false,"template":"","format":"standard","meta":{"footnotes":""},"categories":[85,263],"tags":[92,278,171,279,991,260,276],"class_list":["post-153","post","type-post","status-publish","format-standard","hentry","category-mathematiques","category-poesie","tag-bourbaki","tag-cahiers-du-sud","tag-dada","tag-grands-courants","tag-jean-ballard","tag-methode","tag-paul-valery"],"_links":{"self":[{"href":"https:\/\/blogs.oulipo.net\/fll\/wp-json\/wp\/v2\/posts\/153","targetHints":{"allow":["GET"]}}],"collection":[{"href":"https:\/\/blogs.oulipo.net\/fll\/wp-json\/wp\/v2\/posts"}],"about":[{"href":"https:\/\/blogs.oulipo.net\/fll\/wp-json\/wp\/v2\/types\/post"}],"author":[{"embeddable":true,"href":"https:\/\/blogs.oulipo.net\/fll\/wp-json\/wp\/v2\/users\/1"}],"replies":[{"embeddable":true,"href":"https:\/\/blogs.oulipo.net\/fll\/wp-json\/wp\/v2\/comments?post=153"}],"version-history":[{"count":11,"href":"https:\/\/blogs.oulipo.net\/fll\/wp-json\/wp\/v2\/posts\/153\/revisions"}],"predecessor-version":[{"id":996,"href":"https:\/\/blogs.oulipo.net\/fll\/wp-json\/wp\/v2\/posts\/153\/revisions\/996"}],"wp:attachment":[{"href":"https:\/\/blogs.oulipo.net\/fll\/wp-json\/wp\/v2\/media?parent=153"}],"wp:term":[{"taxonomy":"category","embeddable":true,"href":"https:\/\/blogs.oulipo.net\/fll\/wp-json\/wp\/v2\/categories?post=153"},{"taxonomy":"post_tag","embeddable":true,"href":"https:\/\/blogs.oulipo.net\/fll\/wp-json\/wp\/v2\/tags?post=153"}],"curies":[{"name":"wp","href":"https:\/\/api.w.org\/{rel}","templated":true}]}}