{"id":417,"date":"2010-10-08T15:00:23","date_gmt":"2010-10-08T15:00:23","guid":{"rendered":"http:\/\/blogs.oulipo.net\/fll\/?p=417"},"modified":"2010-12-23T08:06:45","modified_gmt":"2010-12-23T08:06:45","slug":"73-lecole-superieure-de-guerre-et-la-radiesthesie","status":"publish","type":"post","link":"https:\/\/blogs.oulipo.net\/fll\/2010\/10\/08\/73-lecole-superieure-de-guerre-et-la-radiesthesie\/","title":{"rendered":"73. L&rsquo;Ecole sup\u00e9rieure de guerre et la radiesth\u00e9sie"},"content":{"rendered":"<p>J\u2019ai eu d\u2019autres rapports avec l\u2019arm\u00e9e apr\u00e8s, quand je suis devenu le directeur des \u00e9tudes g\u00e9n\u00e9rales \u00e0 l\u2019Ecole sup\u00e9rieure de guerre. Une centaine de commandants et de colonels \u00e9taient mes \u00e9l\u00e8ves. C\u2019\u00e9tait la premi\u00e8re ann\u00e9e de l\u2019Ecole sup\u00e9rieure de guerre apr\u00e8s la guerre, donc, la plupart des officiers qui y \u00e9taient auraient d\u00fb avoir fait leur \u00e9cole en 39. Il y a eu la guerre. Quand ils sont revenus faire leur \u00e9cole il y a eu des instructions pour \u00eatre assez coulant, ce qui est assez compr\u00e9hensible. Je ne sais pas s\u2019ils avaient beaucoup le go\u00fbt de l\u2019\u00e9tude avant, mais ils l\u2019avaient, en g\u00e9n\u00e9ral, beaucoup moins apr\u00e8s; certains avaient \u00e9t\u00e9 des baroudeurs, et des baroudeurs courageux, mais cela ne vous porte pas sp\u00e9cialement \u00e0 l\u2019\u00e9tude.<\/p>\n<p>J\u2019ai \u00e9t\u00e9 amen\u00e9 \u00e0 l\u2019Ecole sup\u00e9rieure de guerre par <a id=\"refcogny\" href=\"#cogny\">le g\u00e9n\u00e9ral Cogny<\/a> que j\u2019avais connu \u00e0 Dora. \u00c7a a \u00e9t\u00e9 ma premi\u00e8re activit\u00e9 apr\u00e8s la guerre. Je suis revenu de d\u00e9portation compl\u00e8tement ruin\u00e9. Je n\u2019avais rien, la Gestapo m\u2019avait tout pris. Je n\u2019avais pas de lit, pas de matelas, pas de sommier, pas de draps, pas de table, pas de chaise, pas d\u2019assiettes, pas de couverts, pas de fourchette, pas de couteau, pas de pantalon, pas de cale\u00e7on, pas de chaussettes, pas de mouchoirs&#8230; Heureusement, j\u2019avais pu mettre une partie de mes livres \u00e0 l\u2019abri chez des amis. J\u2019ai perdu quelques-uns de ceux que j\u2019aimais le mieux : j\u2019avais mis \u00e0 peu pr\u00e8s trois cents livres de chevet dans une petite chambre de bonne de r\u00e9sistance et ils les ont trouv\u00e9s. Le peu d\u2019argent que j\u2019avais m\u2019avait \u00e9t\u00e9 pris aussi. Ce n\u2019\u00e9tait pas une tr\u00e8s grosse somme, mais j\u2019aurais \u00e9t\u00e9 tr\u00e8s content de la retrouver malgr\u00e9 tout. Je suis donc revenu de d\u00e9portation dans un \u00e9tat de sant\u00e9 qui n\u2019\u00e9tait pas parfait et sans plus rien.<\/p>\n<p>A l\u2019Ecole sup\u00e9rieure de guerre, on voulait faire en quelque sorte une universit\u00e9 : deux ann\u00e9es, 150 conf\u00e9rences par ann\u00e9e. On voulait que des civils participent \u00e0 la chose et on s\u2019est adress\u00e9 \u00e0 Cogny qui \u00e9tait polytechnicien, qui avait une r\u00e9putation plus culturelle que d\u2019autres et on lui a demand\u00e9 de faire le programme des 300 conf\u00e9rences et de trouver les conf\u00e9renciers, le meilleur dans chaque domaine. Cogny qui se souvenait de nos conversations de Dora est venu me voir et m\u2019a fait avoir un contrat, tr\u00e8s bien pay\u00e9, de conseiller du directeur des \u00e9tudes g\u00e9n\u00e9rales de l\u2019Ecole sup\u00e9rieure de guerre. C\u2019\u00e9tait nouveau, et \u00e7a n\u2019a pas dur\u00e9 tr\u00e8s longtemps. Je n\u2019\u00e9tais pas encore mari\u00e9, je n\u2019avais \u00e0 m\u2019occuper que de moi, j\u2019ai donc pu acheter petit \u00e0 petit tout ce dont j\u2019avais besoin. Les dommages que j\u2019ai re\u00e7us en tant que d\u00e9port\u00e9 \u00e9taient vraiment n\u00e9gligeables, je crois avoir eu quelque chose comme 140.000 anciens francs. Je lui fais un programme dans lequel je lui mets toutes sortes de choses qu\u2019il ne connaissait pas, que personne ne connaissait. Il existait par exemple une chose qui s\u2019appelait la recherche op\u00e9rationnelle ; il existait une chose qui s\u2019appelait les jeux strat\u00e9giques ; et puis, la chimie avait chang\u00e9, la physique avait chang\u00e9. On comptait surtout sur moi pour trouver les conf\u00e9renciers. Ils avaient des contacts avec l\u2019Acad\u00e9mie des sciences notamment et avec les grands corps constitu\u00e9s en g\u00e9n\u00e9ral, mais qui n\u2019avaient pas tellement d\u2019admiration pour l\u2019Ecole sup\u00e9rieure de guerre. Si un officier \u00e9tait all\u00e9 les voir, il se serait fait remercier poliment mais nettement, et cela, Cogny l\u2019avait bien compris en me choisissant. Je leur ai donc fait un programme et je leur ai amen\u00e9 des conf\u00e9renciers. Ils tenaient \u00e0 avoir de Broglie, c\u2019\u00e9tait tout \u00e0 fait inutile, mais ils voulaient l\u2019avoir.<\/p>\n<p>Lorsque le conf\u00e9rencier venait, comme c\u2019\u00e9tait g\u00e9n\u00e9ralement un homme illustre, on le recevait un peu avant la conf\u00e9rence, et le g\u00e9n\u00e9ral Bertrand qui \u00e9tait tr\u00e8s mondain dit \u00e0 de Broglie\u00a0: \u00ab\u00a0En somme, Prince, quelle est la diff\u00e9rence entre la physique et la chimie ?\u00a0\u00bb Et de Broglie a tr\u00e8s bien r\u00e9pondu, comme on r\u00e9pondait \u00e0 un enfant de l\u2019\u00e9cole primaire de mon temps : \u00ab\u00a0Vous prenez de la limaille de fer et du soufre en poudre, vous les mettez ensemble, vous approchez un aimant et le fer s\u2019en va : physique ; vous les mettez ensemble, vous les chauffez un peu, \u00e7a dispara\u00eet, plus de soufre, plus de sulfure de fer : chimie.\u00a0\u00bb Il a r\u00e9pondu sur le ton pince sans rire que ne connaissaient que ceux qui connaissaient de Broglie.<\/p>\n<p>Je leur ai amen\u00e9 <a id=\"refrueff\" href=\"#rueff\">Rueff pour leur parler des manipulations mon\u00e9taires<\/a>. Je leur ai amen\u00e9 l\u2019homme qui connaissait le mieux la for\u00eat africaine \u2013 parce qu\u2019en cas de guerre, naturellement, en Afrique il fallait trouver les scies qui couperaient les arbres, etc.<\/p>\n<p>Ils avaient une vue tr\u00e8s enfantine des choses. Je savais depuis longtemps, depuis avant la guerre, que les deux grands \u00e9taient l\u2019Union Sovi\u00e9tique et les Etats-Unis, mais j\u2019\u00e9tais un des rares en France \u00e0 le savoir. Tous les gens que je voyais, de quelque parti qu\u2019ils fussent ou sans parti pensaient qu\u2019il y avait trois grands : la France, l\u2019Allemagne et la Grande-Bretagne. \u00c0 l\u2019\u00e9cole de guerre o\u00f9 on avait vu se terminer la guerre, on accordait plus d\u2019importance aux Etats-Unis et \u00e0 l\u2019Union sovi\u00e9tique, mais ils voyaient tr\u00e8s bien l\u2019arm\u00e9e fran\u00e7aise en d\u00e9coudre dans la for\u00eat africaine, etc.<\/p>\n<p>Je leur ai amen\u00e9 l\u2019homme qui connaissait le mieux Madagascar ; les sp\u00e9cialistes de l\u2019\u00e9conomie, etc. Ils \u00e9taient tr\u00e8s contents. Quinze jours apr\u00e8s mon entr\u00e9e, Cogny qui \u00e9tait pass\u00e9 g\u00e9n\u00e9ral, \u00e9tait appel\u00e9 comme directeur de cabinet du ministre de la guerre de l\u2019\u00e9poque. Il a conseill\u00e9 au G\u00e9n\u00e9ral Bertrand de me nommer \u00e0 sa place \u00e0 la direction des \u00e9tudes g\u00e9n\u00e9rales de l\u2019Ecole de guerre. Pour la premi\u00e8re fois depuis Louis XV un civil \u00e9tait nomm\u00e9.<\/p>\n<p>Combien y avait-il de polytechniciens \u00e0 l\u2019\u00e9cole de guerre ? Ils \u00e9taient tous saint-cyriens, et les quelques polytechniciens avaient tout oubli\u00e9 \u2013 d\u2019ailleurs, je suis surpris d\u2019une certaine d\u00e9ficience intellectuelle de beaucoup de polytechniciens. Pas tous, j\u2019en connais qui sont tr\u00e8s malins, mais j\u2019en connais qui ne le sont pas, m\u00eame sur le plan scientifique.<\/p>\n<p>Je m\u2019\u00e9tais rendu compte que tout le monde \u00e9tait radiesth\u00e9siste, \u00e7a avait \u00e9t\u00e9 une des raisons pour lesquelles l\u2019Acad\u00e9mie des sciences ne voulait pas venir. Au d\u00e9but de la guerre, on avait cr\u00e9\u00e9 une chose qui \u00e9tait l\u2019embryon du CNRS pour les besoins de la d\u00e9fense nationale. C\u2019\u00e9tait un groupe tr\u00e8s large de scientifiques s\u2019occupant des questions int\u00e9ressant l\u2019arm\u00e9e et la d\u00e9fense nationale. Ce groupe dans lequel il y avait beaucoup de membres de l\u2019Acad\u00e9mie des sciences s\u2019\u00e9tait rendu compte que presque tous les officiers \u00e9taient radiesth\u00e9sistes, et un grand nombre d\u2019entre eux \u00e9tait t\u00e9l\u00e9-radiesth\u00e9sistes. La radiesth\u00e9sie, vous n\u2019y croyez pas, moi non plus, mais au point de vue physique, ce n\u2019est pas ridicule, mais la t\u00e9l\u00e9-radiesth\u00e9sie, c\u2019est beaucoup plus \u00e9tonnant : on promenait un pendule sur une carte d\u2019Allemagne et on bombardait l\u2019endroit indiqu\u00e9 par le pendule\u00a0! Les scientifiques du groupe s\u2019\u00e9taient demand\u00e9 ce qu\u2019il fallait faire et ils avaient d\u00e9cid\u00e9 de cr\u00e9er une commission d\u2019officiers charg\u00e9e d\u2019\u00e9tudier les probl\u00e8mes de la radiesth\u00e9sie. Il y avait donc toute une commission d\u2019officiers au d\u00e9but de la guerre, et ils y croyaient pratiquement tous \u00e0 la fin de la guerre. Je m\u2019\u00e9tais demand\u00e9 comment lutter contre cela, et je m\u2019\u00e9tais arrang\u00e9, d\u2019une mani\u00e8re assez j\u00e9suite, pour que dans certaines des conf\u00e9rences qui \u00e9taient faites, il y ait un peu de venin contre la radiesth\u00e9sie qui s\u2019infiltre dans l\u2019\u00e2me de ces officiers. J\u2019avais demand\u00e9 \u00e0 Emile Borel, par exemple \u2013 et il ne demandait que cela \u2013 d\u2019expliquer que la radiesth\u00e9sie avait autant de r\u00e9sultats que le hasard. Il serait \u00e9tonnant que le hasard se trompe tout le temps ; si on ajoute au hasard quelques vagues connaissances de g\u00e9ologie, on am\u00e9liore un peu&#8230; J\u2019ai fait faire ainsi un certain nombre de petites allusions.<\/p>\n<p>Ces officiers m\u2019admiraient \u00e9norm\u00e9ment. Ils \u00e9taient surtout surpris que je connaisse chacun des conf\u00e9renciers. Mais ma position sur la radiesth\u00e9sie les choquait un peu. Ils avaient confiance en mon honn\u00eatet\u00e9 intellectuelle et ils se demandaient comment je pouvais \u00eatre contre la radiesth\u00e9sie. Un jour, un excellent colonel demande \u00e0 me voir apr\u00e8s la conf\u00e9rence et me dit :<\/p>\n<p>\u2013 Monsieur Le Lionnais, je suis un peu intimid\u00e9 de vous parler, \u00e7a me g\u00eane beaucoup, je tiens \u00e0 vous dire combien on vous admire, mais il semble que vous ne croyiez pas du tout \u00e0 la radiesth\u00e9sie et que vous pensiez que tous les gens qui parlent de radiesth\u00e9sie sont des menteurs ou des imposteurs.<\/p>\n<p>\u2014 Pas du tout\u00a0! Je n\u2019ai jamais pens\u00e9 cela, il y a des gens qui y croient sinc\u00e8rement.<\/p>\n<p>\u2014 Je peux vous citer mon cas : je peux deviner le sexe d\u2019un enfant dans le ventre de sa m\u00e8re avec un pendule.<\/p>\n<p>\u2014 Pourquoi pas ! Je ne demande qu\u2019\u00e0 changer d\u2019id\u00e9e, des faits me convaincront. Vous l\u2019avez fait plusieurs fois ?<\/p>\n<p>\u2014 Oui, et j\u2019ai 70% de succ\u00e8s.<\/p>\n<p>\u2014 Combien avez-vous fait d\u2019exp\u00e9riences ?<\/p>\n<p>\u2014 J\u2019en ai fait dix et \u00e7a a r\u00e9ussi sept fois.<\/p>\n<p>\u2014 La premi\u00e8re fois, qu\u2019est-ce que vous aviez pr\u00e9vu ?<\/p>\n<p>\u2014 Un gar\u00e7on.<\/p>\n<p>\u2014 Qu\u2019est-ce que c\u2019\u00e9tait ?<\/p>\n<p>\u2014 Un gar\u00e7on !<\/p>\n<p>\u2014 Il fallait vous arr\u00eater, \u00e7a vous aurait donn\u00e9 100% de r\u00e9ussite\u00a0!\u00a0\u00bb<\/p>\n<p>Il est parti songeur. Il n\u2019avait pas tr\u00e8s bien compris que sept dixi\u00e8mes, ce n\u2019\u00e9tait pas soixante-dix pour cent statistiquement.<\/p>\n<p style=\"text-align: justify\">__________________<\/p>\n<p style=\"text-align: justify\"><a id=\"cogny\" href=\"#refcogny\">le g\u00e9n\u00e9ral Cogny<\/a><\/p>\n<p style=\"text-align: justify\">Si l&rsquo;on croit wikipedia, le g\u00e9n\u00e9ral Ren\u00e9 Cogny, est celui qui a choisi le site de Dien Bien Phu (mais il n\u2019est pas dit s\u2019il l\u2019a d\u00e9termin\u00e9 avec un pendule sur une carte). MA<\/p>\n<p style=\"text-align: justify\"><a id=\"rueff\" href=\"#refrueff\">Rueff pour leur parler des manipulations mon\u00e9taires<\/a><\/p>\n<p style=\"text-align: justify\">Au moment o\u00f9 sont conduits ces entretiens avec FLL, Jacques Rueff a publi\u00e9 (le 19 f\u00e9vrier 1976) dans le quotidien <em>Le Monde<\/em>, un article \u201cLa fin de l&rsquo;\u00e8re keyn\u00e9sienne\u201d. Cette actualit\u00e9 explique peut-\u00eatre que, parmi tous les conf\u00e9renciers que FLL dit avoir amen\u00e9 \u00e0 l&rsquo;Ecole Sup\u00e9rieure de Guerre, il soit (avec de Broglie) le seul dont le nom revienne en m\u00e9moire \u00e0 FLL.<\/p>\n<p style=\"text-align: justify\">Rueff en 1976 ne fait que r\u00e9it\u00e9rer son opposition de longue date au keynesianisme. D\u00e9j\u00e0 en 1947, il avait publi\u00e9 une critique en fran\u00e7ais et en anglais: \u00abLes Erreurs de la <em>Th\u00e9orie g\u00e9n\u00e9rale<\/em> de Lord Keynes\u00bb, Revue d&rsquo;\u00c9conomie Politique (57)\/ \u00abThe Fallacies of Lord Keynes&rsquo; <em>General Theory<\/em>\u00bb, <em>The Quarterly Journal of Economics<\/em> (61).<\/p>\n<p style=\"text-align: justify\">Haut-fonctionnaire, mon\u00e9tariste et neo-lib\u00e9ral (\u00abL&rsquo;Assurance-ch\u00f4mage : cause du ch\u00f4mage permanent\u00bb, <em>Revue d&rsquo;\u00c9conomie Politique<\/em> n\u00b045,  1931), il est l&rsquo;expert des questions financi\u00e8res de la 5\u00e8me R\u00e9publique: Plan Rueff-Pinay en 1958, plan Rueff-Armand en 1960. Il finira \u00e0 l&rsquo;Acad\u00e9mie fran\u00e7aise (\u00e9lu en 1964). AFG<\/p>\n<p style=\"text-align: justify\">\n","protected":false},"excerpt":{"rendered":"<p>J\u2019ai eu d\u2019autres rapports avec l\u2019arm\u00e9e apr\u00e8s, quand je suis devenu le directeur des \u00e9tudes g\u00e9n\u00e9rales \u00e0 l\u2019Ecole sup\u00e9rieure de guerre. Une centaine de commandants et de colonels \u00e9taient mes \u00e9l\u00e8ves. C\u2019\u00e9tait la premi\u00e8re ann\u00e9e de l\u2019Ecole sup\u00e9rieure de guerre apr\u00e8s la guerre, donc, la plupart des officiers qui y \u00e9taient auraient d\u00fb avoir fait [&hellip;]<\/p>\n","protected":false},"author":1,"featured_media":0,"comment_status":"open","ping_status":"open","sticky":false,"template":"","format":"standard","meta":{"footnotes":""},"categories":[628],"tags":[634,638,136,256,378,330,635,629,636,633,630,363,631,639,632,637,640],"class_list":["post-417","post","type-post","status-publish","format-standard","hentry","category-metiers","tag-academie-des-sciences","tag-cnrs","tag-deportation","tag-dora","tag-ecole-superieure-de-guerre","tag-emile-borel","tag-general-bertrand","tag-general-cogny","tag-rueff","tag-jeux-strategiques","tag-livres","tag-louis-de-broglie","tag-polytechnique","tag-radiesthesie","tag-recherche-operationelle","tag-saint-cyr","tag-statistique"],"_links":{"self":[{"href":"https:\/\/blogs.oulipo.net\/fll\/wp-json\/wp\/v2\/posts\/417","targetHints":{"allow":["GET"]}}],"collection":[{"href":"https:\/\/blogs.oulipo.net\/fll\/wp-json\/wp\/v2\/posts"}],"about":[{"href":"https:\/\/blogs.oulipo.net\/fll\/wp-json\/wp\/v2\/types\/post"}],"author":[{"embeddable":true,"href":"https:\/\/blogs.oulipo.net\/fll\/wp-json\/wp\/v2\/users\/1"}],"replies":[{"embeddable":true,"href":"https:\/\/blogs.oulipo.net\/fll\/wp-json\/wp\/v2\/comments?post=417"}],"version-history":[{"count":8,"href":"https:\/\/blogs.oulipo.net\/fll\/wp-json\/wp\/v2\/posts\/417\/revisions"}],"predecessor-version":[{"id":420,"href":"https:\/\/blogs.oulipo.net\/fll\/wp-json\/wp\/v2\/posts\/417\/revisions\/420"}],"wp:attachment":[{"href":"https:\/\/blogs.oulipo.net\/fll\/wp-json\/wp\/v2\/media?parent=417"}],"wp:term":[{"taxonomy":"category","embeddable":true,"href":"https:\/\/blogs.oulipo.net\/fll\/wp-json\/wp\/v2\/categories?post=417"},{"taxonomy":"post_tag","embeddable":true,"href":"https:\/\/blogs.oulipo.net\/fll\/wp-json\/wp\/v2\/tags?post=417"}],"curies":[{"name":"wp","href":"https:\/\/api.w.org\/{rel}","templated":true}]}}