{"id":496,"date":"2010-10-08T10:15:50","date_gmt":"2010-10-08T10:15:50","guid":{"rendered":"http:\/\/blogs.oulipo.net\/fll\/?p=496"},"modified":"2010-11-14T08:49:04","modified_gmt":"2010-11-14T08:49:04","slug":"92-duchamp","status":"publish","type":"post","link":"https:\/\/blogs.oulipo.net\/fll\/2010\/10\/08\/92-duchamp\/","title":{"rendered":"92. Duchamp"},"content":{"rendered":"<p>DUCHAMP [ce titre se trouve dans le manuscrit]<\/p>\n<p>Je suis marginal, m\u00eame, par rapport \u00e0 Duchamp, mais je crois \u2013 c\u2019est peut-\u00eatre une illusion \u2013 l\u2019avoir compris. Je crois que nous \u00e9tions en r\u00e9sonance dans le fait que nous \u00e9tions marginaux par rapport \u00e0 n\u2019importe quoi, m\u00eame \u00e0 ce \u00e0 quoi on voulait nous coller. Il y a un c\u00f4t\u00e9 en lui avec lequel je me sens une certaine ressemblance, une certaine fraternit\u00e9, c\u2019est ce que j\u2019appelle quelquefois mon c\u00f4t\u00e9 Philinte \u2013 mais je ne suis pas si Philinte que cela, ce n\u2019est pas tout \u00e0 fait \u00e7a. Je ne suis pas Alceste, mais c\u2019est un c\u00f4t\u00e9 Sancho Pan\u00e7a. Je ne prends pas les positions excessives que vous prenez \u2013 J.B.\u2013 sur certains points o\u00f9 je suis d\u2019accord avec vous. Finalement, Duchamp a laiss\u00e9 dire de lui des tas de choses par des tas de gens qui avaient envie de les dire. Il ne s\u2019y est pas beaucoup oppos\u00e9. Je crois qu\u2019il s\u2019en fichait un petit peu, ce qui n\u2019est pas tout \u00e0 fait mon cas. Je suis peut-\u00eatre moins indiff\u00e9rent que lui. Ce que j\u2019ai appr\u00e9ci\u00e9 de commun entre nous, c\u2019est une grande distanciation par rapport \u00e0 soi-m\u00eame et m\u00eame \u00e0 ses passions. C\u2019est le secret du disparate : chercher la folie et la distance vis-\u00e0-vis de sa folie. C\u2019est l\u2019id\u00e9al \u2013 je ne dis pas que je l\u2019ai atteint.<\/p>\n","protected":false},"excerpt":{"rendered":"<p>DUCHAMP [ce titre se trouve dans le manuscrit] Je suis marginal, m\u00eame, par rapport \u00e0 Duchamp, mais je crois \u2013 c\u2019est peut-\u00eatre une illusion \u2013 l\u2019avoir compris. Je crois que nous \u00e9tions en r\u00e9sonance dans le fait que nous \u00e9tions marginaux par rapport \u00e0 n\u2019importe quoi, m\u00eame \u00e0 ce \u00e0 quoi on voulait nous coller. [&hellip;]<\/p>\n","protected":false},"author":1,"featured_media":0,"comment_status":"open","ping_status":"open","sticky":false,"template":"","format":"standard","meta":{"footnotes":""},"categories":[149,264],"tags":[768,261,705],"class_list":["post-496","post","type-post","status-publish","format-standard","hentry","category-disparate","category-peinture","tag-folie","tag-marcel-duchamp","tag-sancho-panca"],"_links":{"self":[{"href":"https:\/\/blogs.oulipo.net\/fll\/wp-json\/wp\/v2\/posts\/496","targetHints":{"allow":["GET"]}}],"collection":[{"href":"https:\/\/blogs.oulipo.net\/fll\/wp-json\/wp\/v2\/posts"}],"about":[{"href":"https:\/\/blogs.oulipo.net\/fll\/wp-json\/wp\/v2\/types\/post"}],"author":[{"embeddable":true,"href":"https:\/\/blogs.oulipo.net\/fll\/wp-json\/wp\/v2\/users\/1"}],"replies":[{"embeddable":true,"href":"https:\/\/blogs.oulipo.net\/fll\/wp-json\/wp\/v2\/comments?post=496"}],"version-history":[{"count":4,"href":"https:\/\/blogs.oulipo.net\/fll\/wp-json\/wp\/v2\/posts\/496\/revisions"}],"predecessor-version":[{"id":500,"href":"https:\/\/blogs.oulipo.net\/fll\/wp-json\/wp\/v2\/posts\/496\/revisions\/500"}],"wp:attachment":[{"href":"https:\/\/blogs.oulipo.net\/fll\/wp-json\/wp\/v2\/media?parent=496"}],"wp:term":[{"taxonomy":"category","embeddable":true,"href":"https:\/\/blogs.oulipo.net\/fll\/wp-json\/wp\/v2\/categories?post=496"},{"taxonomy":"post_tag","embeddable":true,"href":"https:\/\/blogs.oulipo.net\/fll\/wp-json\/wp\/v2\/tags?post=496"}],"curies":[{"name":"wp","href":"https:\/\/api.w.org\/{rel}","templated":true}]}}