{"id":575,"count":1,"description":"Politicien fran\u00e7ais (1920-1997). Secr\u00e9taire g\u00e9n\u00e9ral du PCF de 1973 \u00e0 1997.","link":"https:\/\/blogs.oulipo.net\/fll\/tag\/marchais\/","name":"Georges Marchais","slug":"marchais","taxonomy":"post_tag","meta":[],"_links":{"self":[{"href":"https:\/\/blogs.oulipo.net\/fll\/wp-json\/wp\/v2\/tags\/575","targetHints":{"allow":["GET"]}}],"collection":[{"href":"https:\/\/blogs.oulipo.net\/fll\/wp-json\/wp\/v2\/tags"}],"about":[{"href":"https:\/\/blogs.oulipo.net\/fll\/wp-json\/wp\/v2\/taxonomies\/post_tag"}],"wp:post_type":[{"href":"https:\/\/blogs.oulipo.net\/fll\/wp-json\/wp\/v2\/posts?tags=575"}],"curies":[{"name":"wp","href":"https:\/\/api.w.org\/{rel}","templated":true}]}}