{"id":1168,"date":"2011-02-06T12:38:43","date_gmt":"2011-02-06T12:38:43","guid":{"rendered":"http:\/\/blogs.oulipo.net\/qc\/?p=1168"},"modified":"2011-02-19T08:35:15","modified_gmt":"2011-02-19T08:35:15","slug":"1845-2","status":"publish","type":"post","link":"https:\/\/blogs.oulipo.net\/qc\/2011\/02\/06\/1845-2\/","title":{"rendered":"Pour chanter sous le ciel ce que j&rsquo;ai dans le coeur, \u2014 1845 (2)"},"content":{"rendered":"<p>&#8211; <strong>Ars\u00e8ne Houssaye<\/strong> <em>La po\u00e9sie dans les bois<\/em><\/p>\n<p><span style=\"text-decoration: underline\">La Muse<br \/>\n<\/span><br \/>\nPour chanter sous le ciel ce que j&rsquo;ai dans le coeur,<br \/>\nJe demandais un luth \u00e0 la muse amoureuse,<br \/>\nQuand ma jeune beaut\u00e9 vint, fra\u00eeche et savoureuse,<br \/>\nS&rsquo;asseoir sur mes genoux avec un air moqueur.<\/p>\n<p>&#8211; Pour accorder ainsi la raison et la rime,<br \/>\nAh que de temps perdu dans les jours pr\u00e9cieux,<br \/>\nC&rsquo;est chercher le soleil quans la nuit est aux cieux:<br \/>\nCrois-moi, ne lasse pas ton coeur \u00e0 cette escrime.<\/p>\n<p>Enfant, o\u00f9 t&rsquo;en vas-tu prendre la po\u00e9sie!<br \/>\nMa bouche n&rsquo;est donc pas la coupe d&rsquo;ambroisie?<br \/>\nVa, surprends-en ma l\u00e8vre, enivre, enivre-toi!<\/p>\n<p>La plus belle chanson ne vaut pas, mon po\u00ebte,<br \/>\nUn baiser \u00e9loquent sur la l\u00e8vre muette:<\/p>\n<p>La lyre, c&rsquo;est l&rsquo;Amour, et la Muse, c&rsquo;est moi.<\/p>\n<p>Q63 &#8211; T15<\/p>\n","protected":false},"excerpt":{"rendered":"<p>&#8211; Ars\u00e8ne Houssaye La po\u00e9sie dans les bois La Muse Pour chanter sous le ciel ce que j&rsquo;ai dans le coeur, Je demandais un luth \u00e0 la muse amoureuse, Quand ma jeune beaut\u00e9 vint, fra\u00eeche et savoureuse, S&rsquo;asseoir sur mes genoux avec un air moqueur. &#8211; Pour accorder ainsi la raison et la rime, Ah &hellip; <a href=\"https:\/\/blogs.oulipo.net\/qc\/2011\/02\/06\/1845-2\/\" class=\"more-link\">Continuer la lecture de <span class=\"screen-reader-text\">Pour chanter sous le ciel ce que j&rsquo;ai dans le coeur, \u2014 1845 (2)<\/span>  <span class=\"meta-nav\">&rarr;<\/span><\/a><\/p>\n","protected":false},"author":15,"featured_media":0,"comment_status":"open","ping_status":"open","sticky":false,"template":"","format":"standard","meta":{"footnotes":""},"categories":[1102,1119],"tags":[],"class_list":["post-1168","post","type-post","status-publish","format-standard","hentry","category-q63","category-t15-ccd-eed"],"_links":{"self":[{"href":"https:\/\/blogs.oulipo.net\/qc\/wp-json\/wp\/v2\/posts\/1168","targetHints":{"allow":["GET"]}}],"collection":[{"href":"https:\/\/blogs.oulipo.net\/qc\/wp-json\/wp\/v2\/posts"}],"about":[{"href":"https:\/\/blogs.oulipo.net\/qc\/wp-json\/wp\/v2\/types\/post"}],"author":[{"embeddable":true,"href":"https:\/\/blogs.oulipo.net\/qc\/wp-json\/wp\/v2\/users\/15"}],"replies":[{"embeddable":true,"href":"https:\/\/blogs.oulipo.net\/qc\/wp-json\/wp\/v2\/comments?post=1168"}],"version-history":[{"count":3,"href":"https:\/\/blogs.oulipo.net\/qc\/wp-json\/wp\/v2\/posts\/1168\/revisions"}],"predecessor-version":[{"id":7316,"href":"https:\/\/blogs.oulipo.net\/qc\/wp-json\/wp\/v2\/posts\/1168\/revisions\/7316"}],"wp:attachment":[{"href":"https:\/\/blogs.oulipo.net\/qc\/wp-json\/wp\/v2\/media?parent=1168"}],"wp:term":[{"taxonomy":"category","embeddable":true,"href":"https:\/\/blogs.oulipo.net\/qc\/wp-json\/wp\/v2\/categories?post=1168"},{"taxonomy":"post_tag","embeddable":true,"href":"https:\/\/blogs.oulipo.net\/qc\/wp-json\/wp\/v2\/tags?post=1168"}],"curies":[{"name":"wp","href":"https:\/\/api.w.org\/{rel}","templated":true}]}}