{"id":1975,"date":"2011-02-07T16:13:22","date_gmt":"2011-02-07T16:13:22","guid":{"rendered":"http:\/\/blogs.oulipo.net\/qc\/?p=1975"},"modified":"2011-02-20T06:48:26","modified_gmt":"2011-02-20T06:48:26","slug":"1869-6","status":"publish","type":"post","link":"https:\/\/blogs.oulipo.net\/qc\/2011\/02\/07\/1869-6\/","title":{"rendered":"Aline sommeillait un matin, L\u00e9ona, \u2014 1869 (6)"},"content":{"rendered":"<p><strong>Henri Cantel<\/strong> <em>Amours et priap\u00e9es<\/em><\/p>\n<p><span style=\"text-decoration: underline\">Aline<br \/>\n<\/span><br \/>\nAline sommeillait un matin, L\u00e9ona,<br \/>\nVoyant la blonde vierge en fleur, et demi-nue,<br \/>\nDans ses veines sentit une force inconnue<br \/>\nCourir, comme la foudre \u00e9clatant sous la nue.<\/p>\n<p>Sa folle passion soudain se d\u00e9cha\u00eena;<br \/>\nElle trembla, rougit, p\u00e2lit. Ivre et farouche,<br \/>\nElle enla\u00e7a sa proie, et lui ferma la bouche<br \/>\nD&rsquo;un baiser. Lors l&rsquo;enfant se dressa sur sa couche!<\/p>\n<p>\u00a0\u00bb Aline, mon cher coeur et mon r\u00eave ador\u00e9,<br \/>\nVa, ne crains rien, c&rsquo;est moi, ta L\u00e9ona, je t&rsquo;aime<br \/>\nEt br\u00fble d&rsquo;infuser mon amour en toi-m\u00eame!<\/p>\n<p>Mes l\u00e8vres vont cueillir ton fruit tant d\u00e9sir\u00e9! \u00a0\u00bb<br \/>\nLa victime, n&rsquo;osant fuir l&rsquo;oeil noir qui la couve,<br \/>\nSe taisait sous les dents puissantes de la Louve.<\/p>\n<p><strong>abbb ab&rsquo;b&rsquo;b&rsquo;<\/strong> &#8211; T30<\/p>\n","protected":false},"excerpt":{"rendered":"<p>Henri Cantel Amours et priap\u00e9es Aline Aline sommeillait un matin, L\u00e9ona, Voyant la blonde vierge en fleur, et demi-nue, Dans ses veines sentit une force inconnue Courir, comme la foudre \u00e9clatant sous la nue. Sa folle passion soudain se d\u00e9cha\u00eena; Elle trembla, rougit, p\u00e2lit. Ivre et farouche, Elle enla\u00e7a sa proie, et lui ferma la &hellip; <a href=\"https:\/\/blogs.oulipo.net\/qc\/2011\/02\/07\/1869-6\/\" class=\"more-link\">Continuer la lecture de <span class=\"screen-reader-text\">Aline sommeillait un matin, L\u00e9ona, \u2014 1869 (6)<\/span>  <span class=\"meta-nav\">&rarr;<\/span><\/a><\/p>\n","protected":false},"author":15,"featured_media":0,"comment_status":"open","ping_status":"open","sticky":false,"template":"","format":"standard","meta":{"footnotes":""},"categories":[1282,1122],"tags":[],"class_list":["post-1975","post","type-post","status-publish","format-standard","hentry","category-oc-sym","category-t30-cdd-cee"],"_links":{"self":[{"href":"https:\/\/blogs.oulipo.net\/qc\/wp-json\/wp\/v2\/posts\/1975","targetHints":{"allow":["GET"]}}],"collection":[{"href":"https:\/\/blogs.oulipo.net\/qc\/wp-json\/wp\/v2\/posts"}],"about":[{"href":"https:\/\/blogs.oulipo.net\/qc\/wp-json\/wp\/v2\/types\/post"}],"author":[{"embeddable":true,"href":"https:\/\/blogs.oulipo.net\/qc\/wp-json\/wp\/v2\/users\/15"}],"replies":[{"embeddable":true,"href":"https:\/\/blogs.oulipo.net\/qc\/wp-json\/wp\/v2\/comments?post=1975"}],"version-history":[{"count":3,"href":"https:\/\/blogs.oulipo.net\/qc\/wp-json\/wp\/v2\/posts\/1975\/revisions"}],"predecessor-version":[{"id":7589,"href":"https:\/\/blogs.oulipo.net\/qc\/wp-json\/wp\/v2\/posts\/1975\/revisions\/7589"}],"wp:attachment":[{"href":"https:\/\/blogs.oulipo.net\/qc\/wp-json\/wp\/v2\/media?parent=1975"}],"wp:term":[{"taxonomy":"category","embeddable":true,"href":"https:\/\/blogs.oulipo.net\/qc\/wp-json\/wp\/v2\/categories?post=1975"},{"taxonomy":"post_tag","embeddable":true,"href":"https:\/\/blogs.oulipo.net\/qc\/wp-json\/wp\/v2\/tags?post=1975"}],"curies":[{"name":"wp","href":"https:\/\/api.w.org\/{rel}","templated":true}]}}