{"id":3846,"date":"2011-02-10T08:13:52","date_gmt":"2011-02-10T08:13:52","guid":{"rendered":"http:\/\/blogs.oulipo.net\/qc\/?p=3846"},"modified":"2011-03-03T13:25:11","modified_gmt":"2011-03-03T13:25:11","slug":"1892-9","status":"publish","type":"post","link":"https:\/\/blogs.oulipo.net\/qc\/2011\/02\/10\/1892-9\/","title":{"rendered":"D\u2019abord vivre, dit-on, et puis philosopher ; \u2014 1892 (9)"},"content":{"rendered":"<p>&#8211; <strong>Henri Michel<\/strong> in <em>La syrinx<\/em><\/p>\n<p><span style=\"text-decoration: underline\">Sonnets liminaires, I<\/span><br \/>\n(La pens\u00e9e.)<\/p>\n<p>D\u2019abord vivre, dit-on, et puis philosopher\u00a0;<br \/>\nMais comment vivre sans juger ce qu\u2019est la vie\u00a0?<br \/>\nToujours quelque maxime en secret est suivie<br \/>\nEt sa raison native on ne peut l\u2019\u00e9touffer.<\/p>\n<p>En vain voudrait-on voir sous sa haute fen\u00eatre,<br \/>\nComme un r\u00eave, passer la vie \u00e0 l\u2019horizon\u00a0;<br \/>\nV\u00e9ridique ou menteuse, au c\u0153ur de la raison,<br \/>\nUne pressante voix nous impose un Doit Etre.<\/p>\n<p>M\u00eame pour s\u2019abstenir il faut avoir choisi,<br \/>\nEt c\u2019est choisir encor que suivre une coutume.<br \/>\nLe glorieux calice au parfum d\u2019amertume<br \/>\nBrille et tremble aux mortelles mains qui l\u2019ont saisi.<\/p>\n<p>Les jours entre mes doigts coulent comme du sable\u00a0;<br \/>\nIl est temps de vider la coupe in\u00e9luctable.<\/p>\n<p>Q63\u00a0 T30 = <strong>shmall* <\/strong>disp 4+4+4+2<\/p>\n","protected":false},"excerpt":{"rendered":"<p>&#8211; Henri Michel in La syrinx Sonnets liminaires, I (La pens\u00e9e.) D\u2019abord vivre, dit-on, et puis philosopher\u00a0; Mais comment vivre sans juger ce qu\u2019est la vie\u00a0? Toujours quelque maxime en secret est suivie Et sa raison native on ne peut l\u2019\u00e9touffer. En vain voudrait-on voir sous sa haute fen\u00eatre, Comme un r\u00eave, passer la vie &hellip; <a href=\"https:\/\/blogs.oulipo.net\/qc\/2011\/02\/10\/1892-9\/\" class=\"more-link\">Continuer la lecture de <span class=\"screen-reader-text\">D\u2019abord vivre, dit-on, et puis philosopher ; \u2014 1892 (9)<\/span>  <span class=\"meta-nav\">&rarr;<\/span><\/a><\/p>\n","protected":false},"author":15,"featured_media":0,"comment_status":"open","ping_status":"open","sticky":false,"template":"","format":"standard","meta":{"footnotes":""},"categories":[1263,1102,1278],"tags":[],"class_list":["post-3846","post","type-post","status-publish","format-standard","hentry","category-1263","category-q63","category-shmall-bis"],"_links":{"self":[{"href":"https:\/\/blogs.oulipo.net\/qc\/wp-json\/wp\/v2\/posts\/3846","targetHints":{"allow":["GET"]}}],"collection":[{"href":"https:\/\/blogs.oulipo.net\/qc\/wp-json\/wp\/v2\/posts"}],"about":[{"href":"https:\/\/blogs.oulipo.net\/qc\/wp-json\/wp\/v2\/types\/post"}],"author":[{"embeddable":true,"href":"https:\/\/blogs.oulipo.net\/qc\/wp-json\/wp\/v2\/users\/15"}],"replies":[{"embeddable":true,"href":"https:\/\/blogs.oulipo.net\/qc\/wp-json\/wp\/v2\/comments?post=3846"}],"version-history":[{"count":5,"href":"https:\/\/blogs.oulipo.net\/qc\/wp-json\/wp\/v2\/posts\/3846\/revisions"}],"predecessor-version":[{"id":9484,"href":"https:\/\/blogs.oulipo.net\/qc\/wp-json\/wp\/v2\/posts\/3846\/revisions\/9484"}],"wp:attachment":[{"href":"https:\/\/blogs.oulipo.net\/qc\/wp-json\/wp\/v2\/media?parent=3846"}],"wp:term":[{"taxonomy":"category","embeddable":true,"href":"https:\/\/blogs.oulipo.net\/qc\/wp-json\/wp\/v2\/categories?post=3846"},{"taxonomy":"post_tag","embeddable":true,"href":"https:\/\/blogs.oulipo.net\/qc\/wp-json\/wp\/v2\/tags?post=3846"}],"curies":[{"name":"wp","href":"https:\/\/api.w.org\/{rel}","templated":true}]}}