{"id":4014,"date":"2011-02-10T15:32:48","date_gmt":"2011-02-10T15:32:48","guid":{"rendered":"http:\/\/blogs.oulipo.net\/qc\/?p=4014"},"modified":"2011-03-20T07:22:29","modified_gmt":"2011-03-20T07:22:29","slug":"1894-19","status":"publish","type":"post","link":"https:\/\/blogs.oulipo.net\/qc\/2011\/02\/10\/1894-19\/","title":{"rendered":"Un rayon d\u00e9licat vient caresser la terre, \u2014 1894 (19)"},"content":{"rendered":"<p>&#8211; <strong>Louise Abb\u00e9ma<\/strong> in <em>l\u2019Art et la mode<\/em><\/p>\n<p><span style=\"text-decoration: underline\">N<\/span><span style=\"text-decoration: underline\">UIT JAPONAISE, \u00c9VENTAIL<br \/>\n<\/span><br \/>\nUn rayon d\u00e9licat vient caresser la terre,<br \/>\nLe fin croissant du soir dans le ciel violet,<br \/>\nBaigne de la p\u00e2leur de son tremblant reflet,<br \/>\nLes \u00eeles de Yedo, et la mer qui s\u2019\u00e9claire.<\/p>\n<p>Un parfum tr\u00e8s subtil monte avec volupt\u00e9<br \/>\nDes p\u00e2lissants iris et des pivoines roses,<br \/>\nQuel myst\u00e8re charmant enveloppe les choses<br \/>\nEn l\u2019exquise douceur des belles nuits d\u2019\u00e9t\u00e9!<\/p>\n<p>Tout repose et se tait. Sous les brises tr\u00e8s molles,<br \/>\nLes Pavots endormeurs effeuillent leurs corolles<br \/>\nQu\u2019un souffle tendre et frais entra\u00eene en voltigeant.<\/p>\n<p>Sur les bateaux l\u00e9gers aux frissonnantes voiles,<br \/>\nLa blonde S\u00e9l\u00e9n\u00e9 fait pleuvoir des \u00e9toiles,<br \/>\nEt le Japon s\u2019endort en un r\u00eave d\u2019argent.<\/p>\n<p>Q63\u00a0 T15<\/p>\n","protected":false},"excerpt":{"rendered":"<p>&#8211; Louise Abb\u00e9ma in l\u2019Art et la mode NUIT JAPONAISE, \u00c9VENTAIL Un rayon d\u00e9licat vient caresser la terre, Le fin croissant du soir dans le ciel violet, Baigne de la p\u00e2leur de son tremblant reflet, Les \u00eeles de Yedo, et la mer qui s\u2019\u00e9claire. Un parfum tr\u00e8s subtil monte avec volupt\u00e9 Des p\u00e2lissants iris et &hellip; <a href=\"https:\/\/blogs.oulipo.net\/qc\/2011\/02\/10\/1894-19\/\" class=\"more-link\">Continuer la lecture de <span class=\"screen-reader-text\">Un rayon d\u00e9licat vient caresser la terre, \u2014 1894 (19)<\/span>  <span class=\"meta-nav\">&rarr;<\/span><\/a><\/p>\n","protected":false},"author":15,"featured_media":0,"comment_status":"open","ping_status":"open","sticky":false,"template":"","format":"standard","meta":{"footnotes":""},"categories":[1357,1102,1119],"tags":[],"class_list":["post-4014","post","type-post","status-publish","format-standard","hentry","category-malh","category-q63","category-t15-ccd-eed"],"_links":{"self":[{"href":"https:\/\/blogs.oulipo.net\/qc\/wp-json\/wp\/v2\/posts\/4014","targetHints":{"allow":["GET"]}}],"collection":[{"href":"https:\/\/blogs.oulipo.net\/qc\/wp-json\/wp\/v2\/posts"}],"about":[{"href":"https:\/\/blogs.oulipo.net\/qc\/wp-json\/wp\/v2\/types\/post"}],"author":[{"embeddable":true,"href":"https:\/\/blogs.oulipo.net\/qc\/wp-json\/wp\/v2\/users\/15"}],"replies":[{"embeddable":true,"href":"https:\/\/blogs.oulipo.net\/qc\/wp-json\/wp\/v2\/comments?post=4014"}],"version-history":[{"count":4,"href":"https:\/\/blogs.oulipo.net\/qc\/wp-json\/wp\/v2\/posts\/4014\/revisions"}],"predecessor-version":[{"id":10660,"href":"https:\/\/blogs.oulipo.net\/qc\/wp-json\/wp\/v2\/posts\/4014\/revisions\/10660"}],"wp:attachment":[{"href":"https:\/\/blogs.oulipo.net\/qc\/wp-json\/wp\/v2\/media?parent=4014"}],"wp:term":[{"taxonomy":"category","embeddable":true,"href":"https:\/\/blogs.oulipo.net\/qc\/wp-json\/wp\/v2\/categories?post=4014"},{"taxonomy":"post_tag","embeddable":true,"href":"https:\/\/blogs.oulipo.net\/qc\/wp-json\/wp\/v2\/tags?post=4014"}],"curies":[{"name":"wp","href":"https:\/\/api.w.org\/{rel}","templated":true}]}}