{"id":4218,"date":"2011-02-11T08:26:12","date_gmt":"2011-02-11T08:26:12","guid":{"rendered":"http:\/\/blogs.oulipo.net\/qc\/?p=4218"},"modified":"2011-02-23T16:29:32","modified_gmt":"2011-02-23T16:29:32","slug":"1898-6","status":"publish","type":"post","link":"https:\/\/blogs.oulipo.net\/qc\/2011\/02\/11\/1898-6\/","title":{"rendered":"Je t&rsquo;attends samedi, car, Alphonse Allais, car \u2014 1898 (6)"},"content":{"rendered":"<p>&#8211; <strong>Jean Goudezki <\/strong><em>Hercule ou la vertu r\u00e9compens\u00e9e<\/em><\/p>\n<p><span style=\"text-decoration: underline\">Invitation<br \/>\n<\/span> sonnet olorime<\/p>\n<p>Je t&rsquo;attends samedi, car, Alphonse Allais, car<br \/>\nA l&rsquo;ombre, \u00e0 Vaux, l&rsquo;on g\u00e8le. Arrive. Oh ! la campagne !<br \/>\nAllons &#8211; bravo ! &#8211; longer la rive au lac, en pagne ;<br \/>\nJette \u00e0 temps, \u00e7a me dit, carafons \u00e0 l&rsquo;\u00e9cart.<\/p>\n<p>Laisse aussi sombrer tes d\u00e9boires, et d\u00e9p\u00eache !<br \/>\nL&rsquo;attrait (puis, sens !) : une omelette au lard nous rit,<br \/>\nLait, saucisse, ombre, th\u00e9 des poires et des p\u00eaches,<br \/>\nL\u00e0, tr\u00e8s puissant, un homme l&rsquo;est t\u00f4t. L&rsquo;art nourrit.<\/p>\n<p>Et, le verre \u00e0 la main, &#8211; t&rsquo;es-tu d\u00e9cid\u00e9 ? Roule &#8211;<br \/>\nElle verra, l\u00e0 mainte \u00e9tude s&rsquo;y d\u00e9roule,<br \/>\nTa muse \u00e9tudiera les b\u00eates et les gens !<\/p>\n<p>Comme aux dieux devisant, H\u00e9b\u00e9 (c&rsquo;est ma compagne)&#8230;<br \/>\nCommode, yeux de vice hant\u00e9s, baiss\u00e9s, m&rsquo;accompagne&#8230;<br \/>\nAmus\u00e9 tu diras : \u00a0\u00bb L&rsquo;H\u00e9b\u00e9 te so\u00fble, h\u00e9 ! Jean ! \u00a0\u00bb<\/p>\n<p>Q62 &#8211; T15<\/p>\n","protected":false},"excerpt":{"rendered":"<p>&#8211; Jean Goudezki Hercule ou la vertu r\u00e9compens\u00e9e Invitation sonnet olorime Je t&rsquo;attends samedi, car, Alphonse Allais, car A l&rsquo;ombre, \u00e0 Vaux, l&rsquo;on g\u00e8le. Arrive. Oh ! la campagne ! Allons &#8211; bravo ! &#8211; longer la rive au lac, en pagne ; Jette \u00e0 temps, \u00e7a me dit, carafons \u00e0 l&rsquo;\u00e9cart. Laisse aussi sombrer &hellip; <a href=\"https:\/\/blogs.oulipo.net\/qc\/2011\/02\/11\/1898-6\/\" class=\"more-link\">Continuer la lecture de <span class=\"screen-reader-text\">Je t&rsquo;attends samedi, car, Alphonse Allais, car \u2014 1898 (6)<\/span>  <span class=\"meta-nav\">&rarr;<\/span><\/a><\/p>\n","protected":false},"author":15,"featured_media":0,"comment_status":"open","ping_status":"open","sticky":false,"template":"","format":"standard","meta":{"footnotes":""},"categories":[1324,1196,1119],"tags":[],"class_list":["post-4218","post","type-post","status-publish","format-standard","hentry","category-oulipisme","category-q62-abba-abab","category-t15-ccd-eed"],"_links":{"self":[{"href":"https:\/\/blogs.oulipo.net\/qc\/wp-json\/wp\/v2\/posts\/4218","targetHints":{"allow":["GET"]}}],"collection":[{"href":"https:\/\/blogs.oulipo.net\/qc\/wp-json\/wp\/v2\/posts"}],"about":[{"href":"https:\/\/blogs.oulipo.net\/qc\/wp-json\/wp\/v2\/types\/post"}],"author":[{"embeddable":true,"href":"https:\/\/blogs.oulipo.net\/qc\/wp-json\/wp\/v2\/users\/15"}],"replies":[{"embeddable":true,"href":"https:\/\/blogs.oulipo.net\/qc\/wp-json\/wp\/v2\/comments?post=4218"}],"version-history":[{"count":4,"href":"https:\/\/blogs.oulipo.net\/qc\/wp-json\/wp\/v2\/posts\/4218\/revisions"}],"predecessor-version":[{"id":8963,"href":"https:\/\/blogs.oulipo.net\/qc\/wp-json\/wp\/v2\/posts\/4218\/revisions\/8963"}],"wp:attachment":[{"href":"https:\/\/blogs.oulipo.net\/qc\/wp-json\/wp\/v2\/media?parent=4218"}],"wp:term":[{"taxonomy":"category","embeddable":true,"href":"https:\/\/blogs.oulipo.net\/qc\/wp-json\/wp\/v2\/categories?post=4218"},{"taxonomy":"post_tag","embeddable":true,"href":"https:\/\/blogs.oulipo.net\/qc\/wp-json\/wp\/v2\/tags?post=4218"}],"curies":[{"name":"wp","href":"https:\/\/api.w.org\/{rel}","templated":true}]}}