{"id":4560,"date":"2011-02-12T08:07:45","date_gmt":"2011-02-12T08:07:45","guid":{"rendered":"http:\/\/blogs.oulipo.net\/qc\/?p=4560"},"modified":"2011-03-20T05:24:49","modified_gmt":"2011-03-20T05:24:49","slug":"1902-8","status":"publish","type":"post","link":"https:\/\/blogs.oulipo.net\/qc\/2011\/02\/12\/1902-8\/","title":{"rendered":"Dans un d\u00e9sert d&rsquo;Afrique, au milieu d&rsquo;une flaque, \u2014 1902 (8)"},"content":{"rendered":"<p>&#8211; <strong>Leconte de Lisl<\/strong>e  in <em>Oeuvres diverses<\/em><\/p>\n<p><span style=\"text-decoration: underline\">Zanzibar<br \/>\n<\/span><br \/>\nDans un d\u00e9sert d&rsquo;Afrique, au milieu d&rsquo;une <em>flaque<\/em>,<br \/>\nDeux makis accoupl\u00e9s ayant fait leur <em>sommier<\/em><br \/>\nZanzibar en naquit, d&rsquo;un noir teint\u00e9 de <em>laque<\/em>,<br \/>\nEt, sit\u00f4t n\u00e9, grimpa le long d&rsquo;un grand <em>palmier<\/em>.<\/p>\n<p>Plus tard, maigre, \u00e9triqu\u00e9 sous un habit qui <em>plaque<\/em>,<br \/>\nIl roucoula des vers, en singeant le <em>ramier<\/em>;<br \/>\nMais il ne recueillit pour bravos qu&rsquo;une <em>claque<\/em>,<br \/>\nQui le fit remonter \u00e0 l&rsquo;arbre <em>coutumier<\/em>.<\/p>\n<p>Quand donc le mettra-t-on dans la noire <em>cellule<\/em>,<br \/>\nO\u00f9 le ver blanc, moins laid qu&rsquo;un vers de lui, <em>pullule<\/em>,<br \/>\nQuand y s\u00e8chera-t-il ainsi qu&rsquo;un vieux <em>citron<\/em>?<\/p>\n<p>Qu&rsquo;il ait pu voir le jour, c&rsquo;est l&rsquo;\u00e9ternel <em>reproche<\/em><br \/>\nQue l&rsquo;on doit adresser au c\u00e9leste <em>mitron<\/em><br \/>\nQui, sans rien mettre au four, a fait cette<em> brioche<\/em>.<\/p>\n<p>Q8 &#8211; T14\u00a0 &#8211; Sonnet sur bouts rim\u00e9s fournis par Louis Ratisbonne (<em>Nouvelle Revu<\/em>e); un Leconte de Lisle peu connu<\/p>\n","protected":false},"excerpt":{"rendered":"<p>&#8211; Leconte de Lisle in Oeuvres diverses Zanzibar Dans un d\u00e9sert d&rsquo;Afrique, au milieu d&rsquo;une flaque, Deux makis accoupl\u00e9s ayant fait leur sommier Zanzibar en naquit, d&rsquo;un noir teint\u00e9 de laque, Et, sit\u00f4t n\u00e9, grimpa le long d&rsquo;un grand palmier. Plus tard, maigre, \u00e9triqu\u00e9 sous un habit qui plaque, Il roucoula des vers, en singeant &hellip; <a href=\"https:\/\/blogs.oulipo.net\/qc\/2011\/02\/12\/1902-8\/\" class=\"more-link\">Continuer la lecture de <span class=\"screen-reader-text\">Dans un d\u00e9sert d&rsquo;Afrique, au milieu d&rsquo;une flaque, \u2014 1902 (8)<\/span>  <span class=\"meta-nav\">&rarr;<\/span><\/a><\/p>\n","protected":false},"author":15,"featured_media":0,"comment_status":"open","ping_status":"open","sticky":false,"template":"","format":"standard","meta":{"footnotes":""},"categories":[1351,1297,1112,1118],"tags":[],"class_list":["post-4560","post","type-post","status-publish","format-standard","hentry","category-alal","category-b-rim","category-q08","category-t14-ccd-ede"],"_links":{"self":[{"href":"https:\/\/blogs.oulipo.net\/qc\/wp-json\/wp\/v2\/posts\/4560","targetHints":{"allow":["GET"]}}],"collection":[{"href":"https:\/\/blogs.oulipo.net\/qc\/wp-json\/wp\/v2\/posts"}],"about":[{"href":"https:\/\/blogs.oulipo.net\/qc\/wp-json\/wp\/v2\/types\/post"}],"author":[{"embeddable":true,"href":"https:\/\/blogs.oulipo.net\/qc\/wp-json\/wp\/v2\/users\/15"}],"replies":[{"embeddable":true,"href":"https:\/\/blogs.oulipo.net\/qc\/wp-json\/wp\/v2\/comments?post=4560"}],"version-history":[{"count":5,"href":"https:\/\/blogs.oulipo.net\/qc\/wp-json\/wp\/v2\/posts\/4560\/revisions"}],"predecessor-version":[{"id":10561,"href":"https:\/\/blogs.oulipo.net\/qc\/wp-json\/wp\/v2\/posts\/4560\/revisions\/10561"}],"wp:attachment":[{"href":"https:\/\/blogs.oulipo.net\/qc\/wp-json\/wp\/v2\/media?parent=4560"}],"wp:term":[{"taxonomy":"category","embeddable":true,"href":"https:\/\/blogs.oulipo.net\/qc\/wp-json\/wp\/v2\/categories?post=4560"},{"taxonomy":"post_tag","embeddable":true,"href":"https:\/\/blogs.oulipo.net\/qc\/wp-json\/wp\/v2\/tags?post=4560"}],"curies":[{"name":"wp","href":"https:\/\/api.w.org\/{rel}","templated":true}]}}