{"id":5042,"date":"2011-02-13T10:11:14","date_gmt":"2011-02-13T10:11:14","guid":{"rendered":"http:\/\/blogs.oulipo.net\/qc\/?p=5042"},"modified":"2011-02-21T15:51:50","modified_gmt":"2011-02-21T15:51:50","slug":"1914-8","status":"publish","type":"post","link":"https:\/\/blogs.oulipo.net\/qc\/2011\/02\/13\/1914-8\/","title":{"rendered":"Je parlerai des yeux, je chanterais les yeux toute ma vie.  \u2014 1914 (8)"},"content":{"rendered":"<p>&#8211; <strong>R\u00e9my de Gourmont<\/strong> <em>Lettres \u00e0 l&rsquo;Amazone<\/em><\/p>\n<p><strong><br \/>\n<\/strong> XI<\/p>\n<p>Je parlerai des yeux, je chanterais les yeux toute ma vie. Je sais toutes leurs couleurs et toutes leurs volont\u00e9s, leur destin\u00e9e. Elle est \u00e9crite dans leur couleur, dont je n&rsquo;ignore pas les correspondances,\u00a0 car les signes se r\u00e9p\u00e8tent et les yeux sont un signe.<\/p>\n<p>J&rsquo;ai tir\u00e9 autrefois l&rsquo;horoscope des yeux, les yeux m&rsquo;ont dit beaucoup de secrets, qui ne m&rsquo;int\u00e9ressent plus, et je cherche en vain celui des yeux que j&rsquo;ai d\u00e9couverts, un jour d&rsquo;hiver. Je le cherche et je ne voudrais pas le trouver.<\/p>\n<p>Ni sous les paupi\u00e8res, ni entre leurs cils, dans l&rsquo;iris clair o\u00f9 se mire le monde des formes, des couleurs et des d\u00e9sirs, je ne voudrais pas le trouver. J&rsquo;aime mieux le chercher toujours.<\/p>\n<p>Non comme on cherche sous l&rsquo;herbe une bague tomb\u00e9e du doigt, mais comme on cherche une joie que la vie a fa\u00e7onn\u00e9e lentement pour vous dans le myst\u00e8re des choses.<\/p>\n<p>pr<\/p>\n","protected":false},"excerpt":{"rendered":"<p>&#8211; R\u00e9my de Gourmont Lettres \u00e0 l&rsquo;Amazone XI Je parlerai des yeux, je chanterais les yeux toute ma vie. Je sais toutes leurs couleurs et toutes leurs volont\u00e9s, leur destin\u00e9e. Elle est \u00e9crite dans leur couleur, dont je n&rsquo;ignore pas les correspondances,\u00a0 car les signes se r\u00e9p\u00e8tent et les yeux sont un signe. J&rsquo;ai tir\u00e9 &hellip; <a href=\"https:\/\/blogs.oulipo.net\/qc\/2011\/02\/13\/1914-8\/\" class=\"more-link\">Continuer la lecture de <span class=\"screen-reader-text\">Je parlerai des yeux, je chanterais les yeux toute ma vie.  \u2014 1914 (8)<\/span>  <span class=\"meta-nav\">&rarr;<\/span><\/a><\/p>\n","protected":false},"author":15,"featured_media":0,"comment_status":"open","ping_status":"open","sticky":false,"template":"","format":"standard","meta":{"footnotes":""},"categories":[1234],"tags":[],"class_list":["post-5042","post","type-post","status-publish","format-standard","hentry","category-pr"],"_links":{"self":[{"href":"https:\/\/blogs.oulipo.net\/qc\/wp-json\/wp\/v2\/posts\/5042","targetHints":{"allow":["GET"]}}],"collection":[{"href":"https:\/\/blogs.oulipo.net\/qc\/wp-json\/wp\/v2\/posts"}],"about":[{"href":"https:\/\/blogs.oulipo.net\/qc\/wp-json\/wp\/v2\/types\/post"}],"author":[{"embeddable":true,"href":"https:\/\/blogs.oulipo.net\/qc\/wp-json\/wp\/v2\/users\/15"}],"replies":[{"embeddable":true,"href":"https:\/\/blogs.oulipo.net\/qc\/wp-json\/wp\/v2\/comments?post=5042"}],"version-history":[{"count":3,"href":"https:\/\/blogs.oulipo.net\/qc\/wp-json\/wp\/v2\/posts\/5042\/revisions"}],"predecessor-version":[{"id":8303,"href":"https:\/\/blogs.oulipo.net\/qc\/wp-json\/wp\/v2\/posts\/5042\/revisions\/8303"}],"wp:attachment":[{"href":"https:\/\/blogs.oulipo.net\/qc\/wp-json\/wp\/v2\/media?parent=5042"}],"wp:term":[{"taxonomy":"category","embeddable":true,"href":"https:\/\/blogs.oulipo.net\/qc\/wp-json\/wp\/v2\/categories?post=5042"},{"taxonomy":"post_tag","embeddable":true,"href":"https:\/\/blogs.oulipo.net\/qc\/wp-json\/wp\/v2\/tags?post=5042"}],"curies":[{"name":"wp","href":"https:\/\/api.w.org\/{rel}","templated":true}]}}