{"id":5625,"date":"2011-02-14T10:00:06","date_gmt":"2011-02-14T10:00:06","guid":{"rendered":"http:\/\/blogs.oulipo.net\/qc\/?p=5625"},"modified":"2011-03-11T07:48:52","modified_gmt":"2011-03-11T07:48:52","slug":"1936-3","status":"publish","type":"post","link":"https:\/\/blogs.oulipo.net\/qc\/2011\/02\/14\/1936-3\/","title":{"rendered":"Autour du soleil vertical de la pens\u00e9e \u2014 1936 (3)"},"content":{"rendered":"<p>&#8211; <strong>Michel Seuphor<\/strong> &#8211; <em>L&rsquo;ardente paix<\/em> &#8211;<\/p>\n<p><span style=\"text-decoration: underline\">De la personne<br \/>\n<\/span><br \/>\nAutour du soleil vertical de la pens\u00e9e<br \/>\nHorizontalement tournoient les quatre vents<br \/>\nDont trois passions de l&rsquo;\u00e2me et un temp\u00e9rament:<br \/>\nLes app\u00e9tits de <em>feu<\/em>; l&rsquo;intelligence n\u00e9e<\/p>\n<p>Pour recevoir le jour et voir la V\u00e9rit\u00e9,<br \/>\nA l&rsquo;<em>eau <\/em>souple pareille, reine des \u00e9l\u00e9ments;<br \/>\nLa force d&rsquo;habitude comme un soubassement<br \/>\nDe <em>terre<\/em> lente o\u00f9 tout s&rsquo;appuie et qui de bl\u00e9<\/p>\n<p>Se couvre ou bien d&rsquo;ivraie, selon les circonstances;<br \/>\nLa mani\u00e8re d&rsquo;\u00eatre, enfin, accumulant l&rsquo;ambiance<br \/>\nQui enveloppe tout d&rsquo;un <em>air<\/em> mouvant d&rsquo;un tel<\/p>\n<p>Et non tel autre. Ainsi notre <em>univers <\/em>est plein<br \/>\nDe rythmes, et si l&rsquo;ensemble est noble et naturel,<br \/>\nLe personnel concret n&rsquo;en c\u00e8de \u00e0 Couperin.<\/p>\n<p>Q15 &#8211; T14 &#8211; quelques vers m\u00e9triquement \u00eerr\u00e9guliers (c\u00e9sures \u00e9piques, par exemple)<\/p>\n","protected":false},"excerpt":{"rendered":"<p>&#8211; Michel Seuphor &#8211; L&rsquo;ardente paix &#8211; De la personne Autour du soleil vertical de la pens\u00e9e Horizontalement tournoient les quatre vents Dont trois passions de l&rsquo;\u00e2me et un temp\u00e9rament: Les app\u00e9tits de feu; l&rsquo;intelligence n\u00e9e Pour recevoir le jour et voir la V\u00e9rit\u00e9, A l&rsquo;eau souple pareille, reine des \u00e9l\u00e9ments; La force d&rsquo;habitude comme &hellip; <a href=\"https:\/\/blogs.oulipo.net\/qc\/2011\/02\/14\/1936-3\/\" class=\"more-link\">Continuer la lecture de <span class=\"screen-reader-text\">Autour du soleil vertical de la pens\u00e9e \u2014 1936 (3)<\/span>  <span class=\"meta-nav\">&rarr;<\/span><\/a><\/p>\n","protected":false},"author":15,"featured_media":0,"comment_status":"open","ping_status":"open","sticky":false,"template":"","format":"standard","meta":{"footnotes":""},"categories":[1357,1186,1118],"tags":[],"class_list":["post-5625","post","type-post","status-publish","format-standard","hentry","category-malh","category-q49-abba-abba","category-t14-ccd-ede"],"_links":{"self":[{"href":"https:\/\/blogs.oulipo.net\/qc\/wp-json\/wp\/v2\/posts\/5625","targetHints":{"allow":["GET"]}}],"collection":[{"href":"https:\/\/blogs.oulipo.net\/qc\/wp-json\/wp\/v2\/posts"}],"about":[{"href":"https:\/\/blogs.oulipo.net\/qc\/wp-json\/wp\/v2\/types\/post"}],"author":[{"embeddable":true,"href":"https:\/\/blogs.oulipo.net\/qc\/wp-json\/wp\/v2\/users\/15"}],"replies":[{"embeddable":true,"href":"https:\/\/blogs.oulipo.net\/qc\/wp-json\/wp\/v2\/comments?post=5625"}],"version-history":[{"count":5,"href":"https:\/\/blogs.oulipo.net\/qc\/wp-json\/wp\/v2\/posts\/5625\/revisions"}],"predecessor-version":[{"id":10329,"href":"https:\/\/blogs.oulipo.net\/qc\/wp-json\/wp\/v2\/posts\/5625\/revisions\/10329"}],"wp:attachment":[{"href":"https:\/\/blogs.oulipo.net\/qc\/wp-json\/wp\/v2\/media?parent=5625"}],"wp:term":[{"taxonomy":"category","embeddable":true,"href":"https:\/\/blogs.oulipo.net\/qc\/wp-json\/wp\/v2\/categories?post=5625"},{"taxonomy":"post_tag","embeddable":true,"href":"https:\/\/blogs.oulipo.net\/qc\/wp-json\/wp\/v2\/tags?post=5625"}],"curies":[{"name":"wp","href":"https:\/\/api.w.org\/{rel}","templated":true}]}}