{"id":5632,"date":"2011-02-14T10:04:38","date_gmt":"2011-02-14T10:04:38","guid":{"rendered":"http:\/\/blogs.oulipo.net\/qc\/?p=5632"},"modified":"2011-03-11T07:47:36","modified_gmt":"2011-03-11T07:47:36","slug":"1936-5","status":"publish","type":"post","link":"https:\/\/blogs.oulipo.net\/qc\/2011\/02\/14\/1936-5\/","title":{"rendered":"Capter dans l&rsquo;univers des invisibles ondes \u2014 1936 (5)"},"content":{"rendered":"<p>&#8211; <strong>Igor Astrov<\/strong> <em>Sonnets<\/em><\/p>\n<p><span style=\"text-decoration: underline\">L&rsquo;artiste<br \/>\n<\/span><br \/>\nCapter dans l&rsquo;univers des invisibles ondes<br \/>\nPouvant faire fr\u00e9mir notre \u00eatre tout entier,<br \/>\nLancer jusqu&rsquo;au tr\u00e9fonds de l&rsquo;ab\u00eeme une sonde,<br \/>\nSuivre jusqu&rsquo;\u00e0 l&rsquo;ab\u00eeme un abrupte sentier;<\/p>\n<p>En lenteur imiter l&rsquo;auteur de la Joconde,<br \/>\nEn perfectionnant constamment son m\u00e9tier,<br \/>\nApprendre \u00e0 marier une \u00e9tude f\u00e9conde<br \/>\nEt l&rsquo;intuition d&rsquo;un art primesautier .<\/p>\n<p>&#8211; C&rsquo;est la vocation d&rsquo;artiste v\u00e9ritable.<br \/>\nA l&rsquo;heure o\u00f9 le destin sans piti\u00e9 m&rsquo;accable<br \/>\nMon \u00e2me se raidit puissante comme un c\u00e2ble<\/p>\n<p>Capable de lier les Deux Mondes entre eux,<br \/>\nPour transmettre ici-bas des sons myst\u00e9rieux:<br \/>\nMusique int\u00e9rieure et parole ineffable.<\/p>\n<p>Q8 &#8211; T4<\/p>\n","protected":false},"excerpt":{"rendered":"<p>&#8211; Igor Astrov Sonnets L&rsquo;artiste Capter dans l&rsquo;univers des invisibles ondes Pouvant faire fr\u00e9mir notre \u00eatre tout entier, Lancer jusqu&rsquo;au tr\u00e9fonds de l&rsquo;ab\u00eeme une sonde, Suivre jusqu&rsquo;\u00e0 l&rsquo;ab\u00eeme un abrupte sentier; En lenteur imiter l&rsquo;auteur de la Joconde, En perfectionnant constamment son m\u00e9tier, Apprendre \u00e0 marier une \u00e9tude f\u00e9conde Et l&rsquo;intuition d&rsquo;un art primesautier . &hellip; <a href=\"https:\/\/blogs.oulipo.net\/qc\/2011\/02\/14\/1936-5\/\" class=\"more-link\">Continuer la lecture de <span class=\"screen-reader-text\">Capter dans l&rsquo;univers des invisibles ondes \u2014 1936 (5)<\/span>  <span class=\"meta-nav\">&rarr;<\/span><\/a><\/p>\n","protected":false},"author":15,"featured_media":0,"comment_status":"open","ping_status":"open","sticky":false,"template":"","format":"standard","meta":{"footnotes":""},"categories":[1357,1112,1200],"tags":[],"class_list":["post-5632","post","type-post","status-publish","format-standard","hentry","category-malh","category-q08","category-t04-ccc-ddc"],"_links":{"self":[{"href":"https:\/\/blogs.oulipo.net\/qc\/wp-json\/wp\/v2\/posts\/5632","targetHints":{"allow":["GET"]}}],"collection":[{"href":"https:\/\/blogs.oulipo.net\/qc\/wp-json\/wp\/v2\/posts"}],"about":[{"href":"https:\/\/blogs.oulipo.net\/qc\/wp-json\/wp\/v2\/types\/post"}],"author":[{"embeddable":true,"href":"https:\/\/blogs.oulipo.net\/qc\/wp-json\/wp\/v2\/users\/15"}],"replies":[{"embeddable":true,"href":"https:\/\/blogs.oulipo.net\/qc\/wp-json\/wp\/v2\/comments?post=5632"}],"version-history":[{"count":4,"href":"https:\/\/blogs.oulipo.net\/qc\/wp-json\/wp\/v2\/posts\/5632\/revisions"}],"predecessor-version":[{"id":10327,"href":"https:\/\/blogs.oulipo.net\/qc\/wp-json\/wp\/v2\/posts\/5632\/revisions\/10327"}],"wp:attachment":[{"href":"https:\/\/blogs.oulipo.net\/qc\/wp-json\/wp\/v2\/media?parent=5632"}],"wp:term":[{"taxonomy":"category","embeddable":true,"href":"https:\/\/blogs.oulipo.net\/qc\/wp-json\/wp\/v2\/categories?post=5632"},{"taxonomy":"post_tag","embeddable":true,"href":"https:\/\/blogs.oulipo.net\/qc\/wp-json\/wp\/v2\/tags?post=5632"}],"curies":[{"name":"wp","href":"https:\/\/api.w.org\/{rel}","templated":true}]}}