{"id":5739,"date":"2011-02-14T13:25:15","date_gmt":"2011-02-14T13:25:15","guid":{"rendered":"http:\/\/blogs.oulipo.net\/qc\/?p=5739"},"modified":"2011-02-21T07:25:21","modified_gmt":"2011-02-21T07:25:21","slug":"1943-7","status":"publish","type":"post","link":"https:\/\/blogs.oulipo.net\/qc\/2011\/02\/14\/1943-7\/","title":{"rendered":"Le jour est \u00e0 sa place et coule \u00e0 fond de temps, \u2014 1943 (7)"},"content":{"rendered":"<p>&#8211; <strong>Robert Desnos<\/strong> &#8211; <em>Etat de veille<\/em><\/p>\n<p><span style=\"text-decoration: underline\">Saisons<br \/>\n<\/span><br \/>\nLe jour est \u00e0 sa place et coule \u00e0 fond de temps,<br \/>\nA moins que l&rsquo;\u00eatre monte \u00e0 travers des espaces<br \/>\nSuperpos\u00e9s dans la m\u00e9moire et d\u00e9lestant<br \/>\nLa cervelle et le c\u0153ur de souvenirs tenaces.<\/p>\n<p>Et\u00e9s, puissants \u00e9t\u00e9s, votre nom m\u00eame passe,<br \/>\nEtre et avoir \u00e9t\u00e9, passe-temps et printemps,<br \/>\nIl passe, il est pass\u00e9 comme une eau jamais lasse,<br \/>\nSans cicatrices, sans t\u00e9moins et sans \u00e9tangs.<\/p>\n<p>Saisons, vous ch\u00e9rissez du moins le grain de bl\u00e9<br \/>\nQui doit germer aux jours de d\u00e9gels et la cl\u00e9<br \/>\nPour ouvrir au d\u00e9part les portes charreti\u00e8res.<\/p>\n<p>Les astres dans le ciel par vous sont rassembl\u00e9s,<br \/>\nL&rsquo;an va bient\u00f4t finir et des pas accabl\u00e9s<br \/>\nTra\u00eenent sur les chemins ramenant aux fronti\u00e8res.<\/p>\n<p>Q11 \u2013 T15<\/p>\n","protected":false},"excerpt":{"rendered":"<p>&#8211; Robert Desnos &#8211; Etat de veille Saisons Le jour est \u00e0 sa place et coule \u00e0 fond de temps, A moins que l&rsquo;\u00eatre monte \u00e0 travers des espaces Superpos\u00e9s dans la m\u00e9moire et d\u00e9lestant La cervelle et le c\u0153ur de souvenirs tenaces. Et\u00e9s, puissants \u00e9t\u00e9s, votre nom m\u00eame passe, Etre et avoir \u00e9t\u00e9, passe-temps &hellip; <a href=\"https:\/\/blogs.oulipo.net\/qc\/2011\/02\/14\/1943-7\/\" class=\"more-link\">Continuer la lecture de <span class=\"screen-reader-text\">Le jour est \u00e0 sa place et coule \u00e0 fond de temps, \u2014 1943 (7)<\/span>  <span class=\"meta-nav\">&rarr;<\/span><\/a><\/p>\n","protected":false},"author":15,"featured_media":0,"comment_status":"open","ping_status":"open","sticky":false,"template":"","format":"standard","meta":{"footnotes":""},"categories":[1149,1119],"tags":[],"class_list":["post-5739","post","type-post","status-publish","format-standard","hentry","category-q11-abab-baba","category-t15-ccd-eed"],"_links":{"self":[{"href":"https:\/\/blogs.oulipo.net\/qc\/wp-json\/wp\/v2\/posts\/5739","targetHints":{"allow":["GET"]}}],"collection":[{"href":"https:\/\/blogs.oulipo.net\/qc\/wp-json\/wp\/v2\/posts"}],"about":[{"href":"https:\/\/blogs.oulipo.net\/qc\/wp-json\/wp\/v2\/types\/post"}],"author":[{"embeddable":true,"href":"https:\/\/blogs.oulipo.net\/qc\/wp-json\/wp\/v2\/users\/15"}],"replies":[{"embeddable":true,"href":"https:\/\/blogs.oulipo.net\/qc\/wp-json\/wp\/v2\/comments?post=5739"}],"version-history":[{"count":3,"href":"https:\/\/blogs.oulipo.net\/qc\/wp-json\/wp\/v2\/posts\/5739\/revisions"}],"predecessor-version":[{"id":8089,"href":"https:\/\/blogs.oulipo.net\/qc\/wp-json\/wp\/v2\/posts\/5739\/revisions\/8089"}],"wp:attachment":[{"href":"https:\/\/blogs.oulipo.net\/qc\/wp-json\/wp\/v2\/media?parent=5739"}],"wp:term":[{"taxonomy":"category","embeddable":true,"href":"https:\/\/blogs.oulipo.net\/qc\/wp-json\/wp\/v2\/categories?post=5739"},{"taxonomy":"post_tag","embeddable":true,"href":"https:\/\/blogs.oulipo.net\/qc\/wp-json\/wp\/v2\/tags?post=5739"}],"curies":[{"name":"wp","href":"https:\/\/api.w.org\/{rel}","templated":true}]}}