{"id":5978,"date":"2011-02-15T01:57:49","date_gmt":"2011-02-15T01:57:49","guid":{"rendered":"http:\/\/blogs.oulipo.net\/qc\/?p=5978"},"modified":"2011-03-10T08:03:18","modified_gmt":"2011-03-10T08:03:18","slug":"1953-5-2","status":"publish","type":"post","link":"https:\/\/blogs.oulipo.net\/qc\/2011\/02\/15\/1953-5-2\/","title":{"rendered":"Le sonnet, me dit-il, c&rsquo;est de l&rsquo;orf\u00e8vrerie, \u2014 1954 (5)"},"content":{"rendered":"<p>&#8211; <strong>Guillevic<\/strong> <em>31 sonnets<\/em> &#8211; pr\u00e9face d&rsquo;Aragon &#8211;<\/p>\n<p><span style=\"text-decoration: underline\">Du sonnet <\/span><br \/>\nI<\/p>\n<p>Le sonnet, me dit-il, c&rsquo;est de l&rsquo;orf\u00e8vrerie,<br \/>\nDu bijou de vitrine et du bien cisel\u00e9.<br \/>\nIl dit que j&rsquo;ai forfait, que la honte je l&rsquo;ai<br \/>\nD&rsquo;avoir trahi la langue et la r\u00e8gle et l&rsquo;hoirie.<\/p>\n<p>Monsieur le professeur, permettez que l&rsquo;on rie.<br \/>\nVos pareils sur l&rsquo;id\u00e9e ont tort de modeler<br \/>\nLeur visage et leur hargne et de s&rsquo;\u00e9carteler<br \/>\nEntre le bien commun et leur longue furie.<\/p>\n<p>Je ne suis pas orf\u00e8vre et n&rsquo;en fais pas m\u00e9tier<br \/>\nEt je ne savais pas que vous-m\u00eame l&rsquo;\u00e9tiez,<br \/>\nCar il n&rsquo;y para\u00eet pas \u00e0 d\u00e9couvrir vos rimes.<\/p>\n<p>Et puis je sais trop bien ce qui fuit vos compas:<br \/>\nDans mes sonnets parfois un peu d&rsquo;humour s&rsquo;exprime<br \/>\nEt fait orf\u00e8vrerie o\u00f9 vous ne cherchez pas.<\/p>\n<p>Q15 &#8211; T14 &#8211; banv &#8211; s sur s<\/p>\n","protected":false},"excerpt":{"rendered":"<p>&#8211; Guillevic 31 sonnets &#8211; pr\u00e9face d&rsquo;Aragon &#8211; Du sonnet I Le sonnet, me dit-il, c&rsquo;est de l&rsquo;orf\u00e8vrerie, Du bijou de vitrine et du bien cisel\u00e9. Il dit que j&rsquo;ai forfait, que la honte je l&rsquo;ai D&rsquo;avoir trahi la langue et la r\u00e8gle et l&rsquo;hoirie. Monsieur le professeur, permettez que l&rsquo;on rie. Vos pareils sur &hellip; <a href=\"https:\/\/blogs.oulipo.net\/qc\/2011\/02\/15\/1953-5-2\/\" class=\"more-link\">Continuer la lecture de <span class=\"screen-reader-text\">Le sonnet, me dit-il, c&rsquo;est de l&rsquo;orf\u00e8vrerie, \u2014 1954 (5)<\/span>  <span class=\"meta-nav\">&rarr;<\/span><\/a><\/p>\n","protected":false},"author":15,"featured_media":0,"comment_status":"open","ping_status":"open","sticky":false,"template":"","format":"standard","meta":{"footnotes":""},"categories":[1357,1265,1097,1251,1118],"tags":[],"class_list":["post-5978","post","type-post","status-publish","format-standard","hentry","category-malh","category-banv","category-q15","category-s-sur-s","category-t14-ccd-ede"],"_links":{"self":[{"href":"https:\/\/blogs.oulipo.net\/qc\/wp-json\/wp\/v2\/posts\/5978","targetHints":{"allow":["GET"]}}],"collection":[{"href":"https:\/\/blogs.oulipo.net\/qc\/wp-json\/wp\/v2\/posts"}],"about":[{"href":"https:\/\/blogs.oulipo.net\/qc\/wp-json\/wp\/v2\/types\/post"}],"author":[{"embeddable":true,"href":"https:\/\/blogs.oulipo.net\/qc\/wp-json\/wp\/v2\/users\/15"}],"replies":[{"embeddable":true,"href":"https:\/\/blogs.oulipo.net\/qc\/wp-json\/wp\/v2\/comments?post=5978"}],"version-history":[{"count":5,"href":"https:\/\/blogs.oulipo.net\/qc\/wp-json\/wp\/v2\/posts\/5978\/revisions"}],"predecessor-version":[{"id":10274,"href":"https:\/\/blogs.oulipo.net\/qc\/wp-json\/wp\/v2\/posts\/5978\/revisions\/10274"}],"wp:attachment":[{"href":"https:\/\/blogs.oulipo.net\/qc\/wp-json\/wp\/v2\/media?parent=5978"}],"wp:term":[{"taxonomy":"category","embeddable":true,"href":"https:\/\/blogs.oulipo.net\/qc\/wp-json\/wp\/v2\/categories?post=5978"},{"taxonomy":"post_tag","embeddable":true,"href":"https:\/\/blogs.oulipo.net\/qc\/wp-json\/wp\/v2\/tags?post=5978"}],"curies":[{"name":"wp","href":"https:\/\/api.w.org\/{rel}","templated":true}]}}