{"id":5994,"date":"2011-02-15T02:09:14","date_gmt":"2011-02-15T02:09:14","guid":{"rendered":"http:\/\/blogs.oulipo.net\/qc\/?p=5994"},"modified":"2011-02-21T01:36:09","modified_gmt":"2011-02-21T01:36:09","slug":"1955-1","status":"publish","type":"post","link":"https:\/\/blogs.oulipo.net\/qc\/2011\/02\/15\/1955-1\/","title":{"rendered":"L&rsquo;espace, il va plus loin. Tu sais que l&rsquo;horizon \u2014 1955 (1)"},"content":{"rendered":"<p>&#8211; <strong>Guillevic<\/strong> &#8211; textes \u00e9cart\u00e9s des <em><span style=\"text-decoration: underline\">Sonnets<\/span><\/em> de 1954<\/p>\n<p>L&rsquo;espace, il va plus loin. Tu sais que l&rsquo;horizon<br \/>\nNe limite que toi, que c&rsquo;est beaucoup plus ample;<br \/>\nQue ce que tu vois l\u00e0 n&rsquo;est qu&rsquo;un petit exemple<br \/>\nO\u00f9 n&rsquo;est pas limit\u00e9 l&#8217;empire de raison.<\/p>\n<p>L&rsquo;espace devant toi n&rsquo;est pas une prison<br \/>\nEt m\u00eame il te suffit de ce que tu contemples.<br \/>\nTu ne veux pas pourtant qu&rsquo;il te soit comme un temple<br \/>\nO\u00f9 viendraient se montrer les couleurs des saisons.<\/p>\n<p>Tu sais que tu ne peux embrasser davantage,<br \/>\nMais tu sais que le monde est un autre arpentage,<br \/>\nEt que l&rsquo;on plonge dans l&rsquo;immense apr\u00e8s ces pr\u00e8s,<\/p>\n<p>Que l&rsquo;immense est lui-m\u00eame un point parmi l&rsquo;immense<br \/>\nImmens\u00e9ment plus grand et pas administr\u00e9,<br \/>\nEt qu&rsquo;espace n&rsquo;est pas col\u00e8re ni d\u00e9mence.<\/p>\n<p>Q15 &#8211; T14 &#8211; banv<\/p>\n","protected":false},"excerpt":{"rendered":"<p>&#8211; Guillevic &#8211; textes \u00e9cart\u00e9s des Sonnets de 1954 L&rsquo;espace, il va plus loin. Tu sais que l&rsquo;horizon Ne limite que toi, que c&rsquo;est beaucoup plus ample; Que ce que tu vois l\u00e0 n&rsquo;est qu&rsquo;un petit exemple O\u00f9 n&rsquo;est pas limit\u00e9 l&#8217;empire de raison. L&rsquo;espace devant toi n&rsquo;est pas une prison Et m\u00eame il te &hellip; <a href=\"https:\/\/blogs.oulipo.net\/qc\/2011\/02\/15\/1955-1\/\" class=\"more-link\">Continuer la lecture de <span class=\"screen-reader-text\">L&rsquo;espace, il va plus loin. Tu sais que l&rsquo;horizon \u2014 1955 (1)<\/span>  <span class=\"meta-nav\">&rarr;<\/span><\/a><\/p>\n","protected":false},"author":15,"featured_media":0,"comment_status":"open","ping_status":"open","sticky":false,"template":"","format":"standard","meta":{"footnotes":""},"categories":[1265,1097,1118],"tags":[],"class_list":["post-5994","post","type-post","status-publish","format-standard","hentry","category-banv","category-q15","category-t14-ccd-ede"],"_links":{"self":[{"href":"https:\/\/blogs.oulipo.net\/qc\/wp-json\/wp\/v2\/posts\/5994","targetHints":{"allow":["GET"]}}],"collection":[{"href":"https:\/\/blogs.oulipo.net\/qc\/wp-json\/wp\/v2\/posts"}],"about":[{"href":"https:\/\/blogs.oulipo.net\/qc\/wp-json\/wp\/v2\/types\/post"}],"author":[{"embeddable":true,"href":"https:\/\/blogs.oulipo.net\/qc\/wp-json\/wp\/v2\/users\/15"}],"replies":[{"embeddable":true,"href":"https:\/\/blogs.oulipo.net\/qc\/wp-json\/wp\/v2\/comments?post=5994"}],"version-history":[{"count":4,"href":"https:\/\/blogs.oulipo.net\/qc\/wp-json\/wp\/v2\/posts\/5994\/revisions"}],"predecessor-version":[{"id":5997,"href":"https:\/\/blogs.oulipo.net\/qc\/wp-json\/wp\/v2\/posts\/5994\/revisions\/5997"}],"wp:attachment":[{"href":"https:\/\/blogs.oulipo.net\/qc\/wp-json\/wp\/v2\/media?parent=5994"}],"wp:term":[{"taxonomy":"category","embeddable":true,"href":"https:\/\/blogs.oulipo.net\/qc\/wp-json\/wp\/v2\/categories?post=5994"},{"taxonomy":"post_tag","embeddable":true,"href":"https:\/\/blogs.oulipo.net\/qc\/wp-json\/wp\/v2\/tags?post=5994"}],"curies":[{"name":"wp","href":"https:\/\/api.w.org\/{rel}","templated":true}]}}