{"id":6242,"date":"2011-02-15T09:33:56","date_gmt":"2011-02-15T09:33:56","guid":{"rendered":"http:\/\/blogs.oulipo.net\/qc\/?p=6242"},"modified":"2011-02-21T00:39:07","modified_gmt":"2011-02-21T00:39:07","slug":"1965-8","status":"publish","type":"post","link":"https:\/\/blogs.oulipo.net\/qc\/2011\/02\/15\/1965-8\/","title":{"rendered":"Le pays du d\u00e9but d&rsquo;octobre n&rsquo;avait fruit \u2014 1965 (8)"},"content":{"rendered":"<p>&#8211; <strong>Yves Bonnefoy<\/strong> <em>Pierre \u00e9crite<\/em><\/p>\n<p><strong><br \/>\n<\/strong> <span style=\"text-decoration: underline\">La parole du soir<br \/>\n<\/span><br \/>\nLe pays du d\u00e9but d&rsquo;octobre n&rsquo;avait fruit<br \/>\nQui ne se d\u00e9chir\u00e2t dans l&rsquo;herbe, et ses oiseaux<br \/>\nEn venaient \u00e0 des cris d&rsquo;absence et de rocaille<br \/>\nSur un haut flanc courb\u00e9 qui se h\u00e2tait vers nous.<\/p>\n<p>Ma parole du soir,<br \/>\nComme un raisin d&rsquo;arri\u00e8re-automne tu as froid,<br \/>\nMais le vin d\u00e9j\u00e0 br\u00fble en ton \u00e2me et je trouve<br \/>\nMa seule chaleur vraie dans tes mots fondateurs.<\/p>\n<p>Le vaisseau d&rsquo;un ach\u00e8vement d&rsquo;octobre, clair,<br \/>\nPeut venir. Nous saurons m\u00ealer ces deux lumi\u00e8res,<br \/>\nO mon vaisseau illumin\u00e9 errant en mer,<\/p>\n<p>Clart\u00e9 de proche nuit et clart\u00e9 de parole,<br \/>\n&#8211; Brume qui montera de toute chose vive<br \/>\nEt toi, mon rougeoiement de lampe dans la mort.<\/p>\n<p><em> <\/em><\/p>\n<p>bl \u2013 2m\u00a0:6s: v.5<\/p>\n","protected":false},"excerpt":{"rendered":"<p>&#8211; Yves Bonnefoy Pierre \u00e9crite La parole du soir Le pays du d\u00e9but d&rsquo;octobre n&rsquo;avait fruit Qui ne se d\u00e9chir\u00e2t dans l&rsquo;herbe, et ses oiseaux En venaient \u00e0 des cris d&rsquo;absence et de rocaille Sur un haut flanc courb\u00e9 qui se h\u00e2tait vers nous. Ma parole du soir, Comme un raisin d&rsquo;arri\u00e8re-automne tu as froid, &hellip; <a href=\"https:\/\/blogs.oulipo.net\/qc\/2011\/02\/15\/1965-8\/\" class=\"more-link\">Continuer la lecture de <span class=\"screen-reader-text\">Le pays du d\u00e9but d&rsquo;octobre n&rsquo;avait fruit \u2014 1965 (8)<\/span>  <span class=\"meta-nav\">&rarr;<\/span><\/a><\/p>\n","protected":false},"author":15,"featured_media":0,"comment_status":"open","ping_status":"open","sticky":false,"template":"","format":"standard","meta":{"footnotes":""},"categories":[1259,1230],"tags":[],"class_list":["post-6242","post","type-post","status-publish","format-standard","hentry","category-2m","category-bl"],"_links":{"self":[{"href":"https:\/\/blogs.oulipo.net\/qc\/wp-json\/wp\/v2\/posts\/6242","targetHints":{"allow":["GET"]}}],"collection":[{"href":"https:\/\/blogs.oulipo.net\/qc\/wp-json\/wp\/v2\/posts"}],"about":[{"href":"https:\/\/blogs.oulipo.net\/qc\/wp-json\/wp\/v2\/types\/post"}],"author":[{"embeddable":true,"href":"https:\/\/blogs.oulipo.net\/qc\/wp-json\/wp\/v2\/users\/15"}],"replies":[{"embeddable":true,"href":"https:\/\/blogs.oulipo.net\/qc\/wp-json\/wp\/v2\/comments?post=6242"}],"version-history":[{"count":3,"href":"https:\/\/blogs.oulipo.net\/qc\/wp-json\/wp\/v2\/posts\/6242\/revisions"}],"predecessor-version":[{"id":7919,"href":"https:\/\/blogs.oulipo.net\/qc\/wp-json\/wp\/v2\/posts\/6242\/revisions\/7919"}],"wp:attachment":[{"href":"https:\/\/blogs.oulipo.net\/qc\/wp-json\/wp\/v2\/media?parent=6242"}],"wp:term":[{"taxonomy":"category","embeddable":true,"href":"https:\/\/blogs.oulipo.net\/qc\/wp-json\/wp\/v2\/categories?post=6242"},{"taxonomy":"post_tag","embeddable":true,"href":"https:\/\/blogs.oulipo.net\/qc\/wp-json\/wp\/v2\/tags?post=6242"}],"curies":[{"name":"wp","href":"https:\/\/api.w.org\/{rel}","templated":true}]}}