{"id":6738,"date":"2011-02-16T08:13:40","date_gmt":"2011-02-16T08:13:40","guid":{"rendered":"http:\/\/blogs.oulipo.net\/qc\/?p=6738"},"modified":"2011-02-20T13:55:22","modified_gmt":"2011-02-20T13:55:22","slug":"1993-2","status":"publish","type":"post","link":"https:\/\/blogs.oulipo.net\/qc\/2011\/02\/16\/1993-2\/","title":{"rendered":"enfant je restais longtemps \u00e0 jeter de longs regards \u2014 1993 (2)"},"content":{"rendered":"<p>&#8211; <strong>William Cliff<\/strong> &#8211; <em>Autobiographie<\/em> \u2013<\/p>\n<p><span style=\"text-decoration: underline\">1<br \/>\n<\/span><br \/>\nenfant je restais longtemps \u00e0 jeter de longs regards<br \/>\n\u00e0 travers la fen\u00eatre de notre ennuyeuse \u00e9cole<br \/>\net recevais pour prix de m&rsquo;\u00eatre encore mis en retard<br \/>\ndes coups des punitions \u00a0\u00bb il n&rsquo;est pas de mauvaise vol-<\/p>\n<p>ont\u00e9 \u00a0\u00bb disaient devant la grande col\u00e8re de mon p\u00e8re<br \/>\nmes ma\u00eetres mais ni coups ni punitions ne pouvaient m&#8217;em-<br \/>\np\u00eacher de rester le regard tourn\u00e9 vers les fen\u00eatres<br \/>\naust\u00e8re de notre ennuyeuse \u00e9cole en ce moment<\/p>\n<p>alors que la vie d\u00e9cline et s&rsquo;en va je continue<br \/>\n\u00e0 jeter des regards tra\u00eenards \u00e0 travers les fen\u00eatres<br \/>\nsans craindre coups ou punitions car mon p\u00e8re et mes ma\u00eetres<\/p>\n<p>ne sont plus l\u00e0 pour m&rsquo;en donner et aux nues inconnues<br \/>\nje donne en libert\u00e9 mon \u00e2me assoiff\u00e9e du sommeil<br \/>\nbrumeux qu&rsquo;elle aime voir errer dans les fum\u00e9es du ciel<\/p>\n<p>Q59 &#8211; T30 &#8211; 14s<\/p>\n","protected":false},"excerpt":{"rendered":"<p>&#8211; William Cliff &#8211; Autobiographie \u2013 1 enfant je restais longtemps \u00e0 jeter de longs regards \u00e0 travers la fen\u00eatre de notre ennuyeuse \u00e9cole et recevais pour prix de m&rsquo;\u00eatre encore mis en retard des coups des punitions \u00a0\u00bb il n&rsquo;est pas de mauvaise vol- ont\u00e9 \u00a0\u00bb disaient devant la grande col\u00e8re de mon p\u00e8re &hellip; <a href=\"https:\/\/blogs.oulipo.net\/qc\/2011\/02\/16\/1993-2\/\" class=\"more-link\">Continuer la lecture de <span class=\"screen-reader-text\">enfant je restais longtemps \u00e0 jeter de longs regards \u2014 1993 (2)<\/span>  <span class=\"meta-nav\">&rarr;<\/span><\/a><\/p>\n","protected":false},"author":15,"featured_media":0,"comment_status":"open","ping_status":"open","sticky":false,"template":"","format":"standard","meta":{"footnotes":""},"categories":[1257,1115,1122],"tags":[],"class_list":["post-6738","post","type-post","status-publish","format-standard","hentry","category-14s","category-q59-abab-abab","category-t30-cdd-cee"],"_links":{"self":[{"href":"https:\/\/blogs.oulipo.net\/qc\/wp-json\/wp\/v2\/posts\/6738","targetHints":{"allow":["GET"]}}],"collection":[{"href":"https:\/\/blogs.oulipo.net\/qc\/wp-json\/wp\/v2\/posts"}],"about":[{"href":"https:\/\/blogs.oulipo.net\/qc\/wp-json\/wp\/v2\/types\/post"}],"author":[{"embeddable":true,"href":"https:\/\/blogs.oulipo.net\/qc\/wp-json\/wp\/v2\/users\/15"}],"replies":[{"embeddable":true,"href":"https:\/\/blogs.oulipo.net\/qc\/wp-json\/wp\/v2\/comments?post=6738"}],"version-history":[{"count":3,"href":"https:\/\/blogs.oulipo.net\/qc\/wp-json\/wp\/v2\/posts\/6738\/revisions"}],"predecessor-version":[{"id":7752,"href":"https:\/\/blogs.oulipo.net\/qc\/wp-json\/wp\/v2\/posts\/6738\/revisions\/7752"}],"wp:attachment":[{"href":"https:\/\/blogs.oulipo.net\/qc\/wp-json\/wp\/v2\/media?parent=6738"}],"wp:term":[{"taxonomy":"category","embeddable":true,"href":"https:\/\/blogs.oulipo.net\/qc\/wp-json\/wp\/v2\/categories?post=6738"},{"taxonomy":"post_tag","embeddable":true,"href":"https:\/\/blogs.oulipo.net\/qc\/wp-json\/wp\/v2\/tags?post=6738"}],"curies":[{"name":"wp","href":"https:\/\/api.w.org\/{rel}","templated":true}]}}