{"id":6762,"date":"2011-02-16T08:27:34","date_gmt":"2011-02-16T08:27:34","guid":{"rendered":"http:\/\/blogs.oulipo.net\/qc\/?p=6762"},"modified":"2011-03-09T08:02:50","modified_gmt":"2011-03-09T08:02:50","slug":"1993-10","status":"publish","type":"post","link":"https:\/\/blogs.oulipo.net\/qc\/2011\/02\/16\/1993-10\/","title":{"rendered":"un jour j&rsquo;eus la r\u00e9v\u00e9lation de la litt\u00e9rature \u2014 1993 (10)"},"content":{"rendered":"<p>&#8211; <strong>William Cliff<\/strong> &#8211; <em>Autobiographie<\/em> \u2013<\/p>\n<p><span style=\"text-decoration: underline\">35<br \/>\n<\/span><br \/>\nun jour j&rsquo;eus la r\u00e9v\u00e9lation de la litt\u00e9rature<br \/>\ndans le r\u00e9cit que fait Chateaubriand de son enfance<br \/>\nde la terreur qu&rsquo;il eut devant son p\u00e8re et de sa dure<br \/>\ncondition d&rsquo;enfant \u00e0 Combourg dont la sinistre ambiance<\/p>\n<p>le soir avec ce p\u00e8re qui n&rsquo;arr\u00eatait pas de faire<br \/>\narm\u00e9 d&rsquo;un bonnet dress\u00e9 sur sa t\u00eate les cent pas<br \/>\nme rappelait celle qui aussi me terrorisa<br \/>\ndans mon enfance avec un p\u00e8re aussi autoritaire<\/p>\n<p>j&rsquo;appris par ce r\u00e9cit n&rsquo;\u00eatre plus tout seul \u00e0 souffrir<br \/>\nce fut comme un voile lev\u00e9 sur mon \u00e2me sauvage<br \/>\n\u00e9crire alors devint pour moi le geste qui relie<\/p>\n<p>tous ceux qui ont senti au fond d&rsquo;eux-m\u00eames ces messages<br \/>\ngraves que le monde m\u00e9prise et tourne en d\u00e9rision<br \/>\nmais dont par la litt\u00e9rature on a la r\u00e9v\u00e9lation<\/p>\n<p>Q60 &#8211; T23 &#8211; 14s<\/p>\n","protected":false},"excerpt":{"rendered":"<p>&#8211; William Cliff &#8211; Autobiographie \u2013 35 un jour j&rsquo;eus la r\u00e9v\u00e9lation de la litt\u00e9rature dans le r\u00e9cit que fait Chateaubriand de son enfance de la terreur qu&rsquo;il eut devant son p\u00e8re et de sa dure condition d&rsquo;enfant \u00e0 Combourg dont la sinistre ambiance le soir avec ce p\u00e8re qui n&rsquo;arr\u00eatait pas de faire arm\u00e9 &hellip; <a href=\"https:\/\/blogs.oulipo.net\/qc\/2011\/02\/16\/1993-10\/\" class=\"more-link\">Continuer la lecture de <span class=\"screen-reader-text\">un jour j&rsquo;eus la r\u00e9v\u00e9lation de la litt\u00e9rature \u2014 1993 (10)<\/span>  <span class=\"meta-nav\">&rarr;<\/span><\/a><\/p>\n","protected":false},"author":15,"featured_media":0,"comment_status":"open","ping_status":"open","sticky":false,"template":"","format":"standard","meta":{"footnotes":""},"categories":[1357,1257,1116,1121],"tags":[],"class_list":["post-6762","post","type-post","status-publish","format-standard","hentry","category-malh","category-14s","category-q60-abab-abba","category-t23-cdc-dee"],"_links":{"self":[{"href":"https:\/\/blogs.oulipo.net\/qc\/wp-json\/wp\/v2\/posts\/6762","targetHints":{"allow":["GET"]}}],"collection":[{"href":"https:\/\/blogs.oulipo.net\/qc\/wp-json\/wp\/v2\/posts"}],"about":[{"href":"https:\/\/blogs.oulipo.net\/qc\/wp-json\/wp\/v2\/types\/post"}],"author":[{"embeddable":true,"href":"https:\/\/blogs.oulipo.net\/qc\/wp-json\/wp\/v2\/users\/15"}],"replies":[{"embeddable":true,"href":"https:\/\/blogs.oulipo.net\/qc\/wp-json\/wp\/v2\/comments?post=6762"}],"version-history":[{"count":6,"href":"https:\/\/blogs.oulipo.net\/qc\/wp-json\/wp\/v2\/posts\/6762\/revisions"}],"predecessor-version":[{"id":10193,"href":"https:\/\/blogs.oulipo.net\/qc\/wp-json\/wp\/v2\/posts\/6762\/revisions\/10193"}],"wp:attachment":[{"href":"https:\/\/blogs.oulipo.net\/qc\/wp-json\/wp\/v2\/media?parent=6762"}],"wp:term":[{"taxonomy":"category","embeddable":true,"href":"https:\/\/blogs.oulipo.net\/qc\/wp-json\/wp\/v2\/categories?post=6762"},{"taxonomy":"post_tag","embeddable":true,"href":"https:\/\/blogs.oulipo.net\/qc\/wp-json\/wp\/v2\/tags?post=6762"}],"curies":[{"name":"wp","href":"https:\/\/api.w.org\/{rel}","templated":true}]}}