{"id":6850,"date":"2011-02-16T09:24:57","date_gmt":"2011-02-16T09:24:57","guid":{"rendered":"http:\/\/blogs.oulipo.net\/qc\/?p=6850"},"modified":"2011-02-20T13:28:12","modified_gmt":"2011-02-20T13:28:12","slug":"1996-5","status":"publish","type":"post","link":"https:\/\/blogs.oulipo.net\/qc\/2011\/02\/16\/1996-5\/","title":{"rendered":"Le Ville de Strasbourg (commandant Lehalleur) \u2014 1996 (5)"},"content":{"rendered":"<p>&#8211; <strong>Henri Bellaunay<\/strong> <em>Nouvelle anthologie imaginaire de la po\u00e9sie fran\u00e7aise<\/em><\/p>\n<p><strong><br \/>\n<\/strong> <span style=\"text-decoration: underline\">Eastwards<br \/>\n<\/span><br \/>\nLe <em>Ville de Strasbourg<\/em> (commandant Lehalleur)<br \/>\nA trente mille pieds s&rsquo;approche de Java<br \/>\nQuelques moments encore et l&rsquo;avion plongera<br \/>\nDans l&rsquo;\u00e9paisseur d&rsquo;un air aux malsaines touffeurs.<\/p>\n<p>Sans un regard pour le hublot, sombre, r\u00eaveur<br \/>\nDans sa premi\u00e8re classe il ne voit m\u00eame pas<br \/>\nLe geste harmonieux et fugitif du bras<br \/>\nDe l&rsquo;h\u00f4tesse versant un dernier J.Walker &#8230;<\/p>\n<p>Et cependant il fait une belle carri\u00e8re.<br \/>\nCe n&rsquo;est pas si commun d&rsquo;\u00eatre, \u00e0 moins de trente ans<br \/>\nAttach\u00e9 militaire adjoint \u00e0 Djakarta.<\/p>\n<p>Mais sa vie est obscure et pleine de myst\u00e8re &#8230;<br \/>\nIl pense, dans l&rsquo;avion qui se pr\u00e9sente au vent<br \/>\nA la pipe d&rsquo;opium qu&rsquo;il va trouver l\u00e0-bas.<br \/>\n(<strong>H J-M Levet<\/strong>)<\/p>\n<p>Q15 &#8211; T36<\/p>\n","protected":false},"excerpt":{"rendered":"<p>&#8211; Henri Bellaunay Nouvelle anthologie imaginaire de la po\u00e9sie fran\u00e7aise Eastwards Le Ville de Strasbourg (commandant Lehalleur) A trente mille pieds s&rsquo;approche de Java Quelques moments encore et l&rsquo;avion plongera Dans l&rsquo;\u00e9paisseur d&rsquo;un air aux malsaines touffeurs. Sans un regard pour le hublot, sombre, r\u00eaveur Dans sa premi\u00e8re classe il ne voit m\u00eame pas Le &hellip; <a href=\"https:\/\/blogs.oulipo.net\/qc\/2011\/02\/16\/1996-5\/\" class=\"more-link\">Continuer la lecture de <span class=\"screen-reader-text\">Le Ville de Strasbourg (commandant Lehalleur) \u2014 1996 (5)<\/span>  <span class=\"meta-nav\">&rarr;<\/span><\/a><\/p>\n","protected":false},"author":15,"featured_media":0,"comment_status":"open","ping_status":"open","sticky":false,"template":"","format":"standard","meta":{"footnotes":""},"categories":[1299,1097,1223],"tags":[],"class_list":["post-6850","post","type-post","status-publish","format-standard","hentry","category-past","category-q15","category-t36-cde-cde"],"_links":{"self":[{"href":"https:\/\/blogs.oulipo.net\/qc\/wp-json\/wp\/v2\/posts\/6850","targetHints":{"allow":["GET"]}}],"collection":[{"href":"https:\/\/blogs.oulipo.net\/qc\/wp-json\/wp\/v2\/posts"}],"about":[{"href":"https:\/\/blogs.oulipo.net\/qc\/wp-json\/wp\/v2\/types\/post"}],"author":[{"embeddable":true,"href":"https:\/\/blogs.oulipo.net\/qc\/wp-json\/wp\/v2\/users\/15"}],"replies":[{"embeddable":true,"href":"https:\/\/blogs.oulipo.net\/qc\/wp-json\/wp\/v2\/comments?post=6850"}],"version-history":[{"count":3,"href":"https:\/\/blogs.oulipo.net\/qc\/wp-json\/wp\/v2\/posts\/6850\/revisions"}],"predecessor-version":[{"id":7716,"href":"https:\/\/blogs.oulipo.net\/qc\/wp-json\/wp\/v2\/posts\/6850\/revisions\/7716"}],"wp:attachment":[{"href":"https:\/\/blogs.oulipo.net\/qc\/wp-json\/wp\/v2\/media?parent=6850"}],"wp:term":[{"taxonomy":"category","embeddable":true,"href":"https:\/\/blogs.oulipo.net\/qc\/wp-json\/wp\/v2\/categories?post=6850"},{"taxonomy":"post_tag","embeddable":true,"href":"https:\/\/blogs.oulipo.net\/qc\/wp-json\/wp\/v2\/tags?post=6850"}],"curies":[{"name":"wp","href":"https:\/\/api.w.org\/{rel}","templated":true}]}}