{"id":814,"date":"2011-02-06T05:27:28","date_gmt":"2011-02-06T05:27:28","guid":{"rendered":"http:\/\/blogs.oulipo.net\/qc\/?p=814"},"modified":"2011-03-24T06:11:03","modified_gmt":"2011-03-24T06:11:03","slug":"1839-6","status":"publish","type":"post","link":"https:\/\/blogs.oulipo.net\/qc\/2011\/02\/06\/1839-6\/","title":{"rendered":"Sous le pliant osier vous \u00eates prisonni\u00e8res,  \u2014 1839 (6)"},"content":{"rendered":"<p><strong>Louis Ayma <\/strong>&#8211; <em>Les pr\u00e9ludes<\/em><\/p>\n<p><strong><br \/>\n<\/strong> <span style=\"text-decoration: underline\">A mes linottes<\/span> &#8211; Sonnet redoubl\u00e9<\/p>\n<p>Sous le pliant osier vous \u00eates prisonni\u00e8res,<br \/>\nVous ne respirez pas l&rsquo;air pur de vos for\u00eats,<br \/>\nEt, quand viendra pour vous le moment d&rsquo;\u00eatre m\u00e8res,<br \/>\nVous ne suspendrez pas vos nids dans les bosquets;<\/p>\n<p>Mais, lorsque dans les airs gronderont les orages,<br \/>\nVous aurez pour abri mon toit hospitalier,<br \/>\nEt vous ne craindrez pas que du sein des nuages,<br \/>\nSur vous, comme l&rsquo;\u00e9clair, tombe un fauve \u00e9pervier.<\/p>\n<p>Vous ne raserez pas de vos t\u00eates l\u00e9g\u00e8res<br \/>\nLes \u00e9pis jaunissant sous les yeux de C\u00e9r\u00e8s;<br \/>\nVous n&rsquo;irez pas chanter sur les vertes foug\u00e8res,<\/p>\n<p>Vous ne chercherez pas de grain dans les gu\u00e9rets;<br \/>\nMais, quand l&rsquo;hiver jaloux entre ses deux rivages<br \/>\nForcera le ruisseau de g\u00e9mir prisonnier,<br \/>\nVous trouverez toujours la fra\u00eecheur des bocages<\/p>\n<p>Et des grains abondans chez votre bon geolier.<br \/>\nGeolier! &#8230; car l&rsquo;oiseleur \u00e0 moi vous a vendues<br \/>\nFaibles, sans mouvement, encore toutes nues,<br \/>\nMais, depuis ce jour-l\u00e0, ma main avec bont\u00e9<\/p>\n<p>Vous tout prodigu\u00e9, grains, eau pure, caresses &#8230;<br \/>\nPourquoi donc tant g\u00e9mir, mes petites h\u00f4tesses?<br \/>\nDites! vous faudrait-il encor la Libert\u00e9?<\/p>\n<p>Ah! quand vous aurez vu ma Laure bien-aim\u00e9e,<br \/>\nQuand vous aurez senti son haleine embaum\u00e9e<br \/>\nEt ses baisers si doux;<\/p>\n<p>Votre am\u00e8re douleur sera bient\u00f4t calm\u00e9e;<br \/>\nVous oublierez des bois la brise parfum\u00e9e,<br \/>\nPour vous bercer sur ses genoux.<\/p>\n<p>Quatre quatrains altern\u00e9s, quatre tercets &#8211; un vers de 6s un octo<\/p>\n<p>Sous le pliant osier vous \u00eates prisonni\u00e8res,<br \/>\nVous ne respirez pas l&rsquo;air pur de vos for\u00eats,<br \/>\nEt, quand viendra pour vous le moment d&rsquo;\u00eatre m\u00e8res,<br \/>\nVous ne suspendrez pas vos nids dans les bosquets;<br \/>\nMais, lorsque dans les airs gronderont les orages,<br \/>\nVous aurez pour abri mon toit hospitalier,<br \/>\nEt vous ne craindrez pas que du sein des nuages,<br \/>\nSur vous, comme l&rsquo;\u00e9clair, tombe un fauve \u00e9pervier.<br \/>\nVous ne raserez pas de vos t\u00eates l\u00e9g\u00e8res<br \/>\nLes \u00e9pis jaunissant sous les yeux de C\u00e9r\u00e8s;<br \/>\nVous n&rsquo;irez pas chanter sur les vertes foug\u00e8res,<br \/>\nVous ne chercherez pas de grain dans les gu\u00e9rets;<br \/>\nMais, quand l&rsquo;hiver jaloux entre ses deux rivages<br \/>\nForcera le ruisseau de g\u00e9mir prisonnier,<br \/>\nVous trouverez toujours la fra\u00eecheur des bocages<br \/>\nEt des grains abondans chez votre bon geolier.<br \/>\nGeolier! &#8230; car l&rsquo;oiseleur \u00e0 moi vous a vendues<br \/>\nFaibles, sans mouvement, encore toutes nues,<br \/>\nMais, depuis ce jour-l\u00e0, ma main avec bont\u00e9<br \/>\nVous tout prodigu\u00e9, grains, eau pure, caresses &#8230;<br \/>\nPourquoi donc tant g\u00e9mir, mes petites h\u00f4tesses?<br \/>\nDites! vous faudrait-il encor la Libert\u00e9?<br \/>\nAh! quand vous aurez vu ma Laure bien-aim\u00e9e,<br \/>\nQuand vous aurez senti son haleine embaum\u00e9e<br \/>\nEt ses baisers si doux;<br \/>\nVotre am\u00e8re douleur sera bient\u00f4t calm\u00e9e;<br \/>\nVous oublierez des bois la brise parfum\u00e9e,<br \/>\nPour vous bercer sur ses genoux.<\/p>\n<p>Quatre quatrains altern\u00e9s, quatre tercets &#8211; un vers de 6s un octo<\/p>\n","protected":false},"excerpt":{"rendered":"<p>Louis Ayma &#8211; Les pr\u00e9ludes A mes linottes &#8211; Sonnet redoubl\u00e9 Sous le pliant osier vous \u00eates prisonni\u00e8res, Vous ne respirez pas l&rsquo;air pur de vos for\u00eats, Et, quand viendra pour vous le moment d&rsquo;\u00eatre m\u00e8res, Vous ne suspendrez pas vos nids dans les bosquets; Mais, lorsque dans les airs gronderont les orages, Vous aurez &hellip; <a href=\"https:\/\/blogs.oulipo.net\/qc\/2011\/02\/06\/1839-6\/\" class=\"more-link\">Continuer la lecture de <span class=\"screen-reader-text\">Sous le pliant osier vous \u00eates prisonni\u00e8res,  \u2014 1839 (6)<\/span>  <span class=\"meta-nav\">&rarr;<\/span><\/a><\/p>\n","protected":false},"author":15,"featured_media":0,"comment_status":"open","ping_status":"open","sticky":false,"template":"","format":"standard","meta":{"footnotes":""},"categories":[1357,1314],"tags":[],"class_list":["post-814","post","type-post","status-publish","format-standard","hentry","category-malh","category-s-double"],"_links":{"self":[{"href":"https:\/\/blogs.oulipo.net\/qc\/wp-json\/wp\/v2\/posts\/814","targetHints":{"allow":["GET"]}}],"collection":[{"href":"https:\/\/blogs.oulipo.net\/qc\/wp-json\/wp\/v2\/posts"}],"about":[{"href":"https:\/\/blogs.oulipo.net\/qc\/wp-json\/wp\/v2\/types\/post"}],"author":[{"embeddable":true,"href":"https:\/\/blogs.oulipo.net\/qc\/wp-json\/wp\/v2\/users\/15"}],"replies":[{"embeddable":true,"href":"https:\/\/blogs.oulipo.net\/qc\/wp-json\/wp\/v2\/comments?post=814"}],"version-history":[{"count":7,"href":"https:\/\/blogs.oulipo.net\/qc\/wp-json\/wp\/v2\/posts\/814\/revisions"}],"predecessor-version":[{"id":11312,"href":"https:\/\/blogs.oulipo.net\/qc\/wp-json\/wp\/v2\/posts\/814\/revisions\/11312"}],"wp:attachment":[{"href":"https:\/\/blogs.oulipo.net\/qc\/wp-json\/wp\/v2\/media?parent=814"}],"wp:term":[{"taxonomy":"category","embeddable":true,"href":"https:\/\/blogs.oulipo.net\/qc\/wp-json\/wp\/v2\/categories?post=814"},{"taxonomy":"post_tag","embeddable":true,"href":"https:\/\/blogs.oulipo.net\/qc\/wp-json\/wp\/v2\/tags?post=814"}],"curies":[{"name":"wp","href":"https:\/\/api.w.org\/{rel}","templated":true}]}}